{"id":2565,"date":"2022-09-29T13:55:45","date_gmt":"2022-09-29T13:55:45","guid":{"rendered":"https:\/\/innovacioncomercio.org\/?p=2565"},"modified":"2022-09-29T15:02:58","modified_gmt":"2022-09-29T15:02:58","slug":"tendencias-de-colores-y-estampados-2023-alto-impacto-visual","status":"publish","type":"post","link":"https:\/\/innovacioncomercio.org\/index.php\/2022\/09\/29\/tendencias-de-colores-y-estampados-2023-alto-impacto-visual\/","title":{"rendered":"Tendencias de colores y estampados 2023 \u2013 alto impacto visual."},"content":{"rendered":"<div class=\"wpb-content-wrapper\">[vc_row][vc_column width=&#8221;2\/3&#8243;][vc_column_text]El color es poderoso y las <strong>tendencias de colores y estampados<\/strong> <strong>2023<\/strong> llegar\u00e1n con un alto impacto visual. Debemos tener en cuenta estas tendencias a la hora de comprar las pr\u00f3ximas colecciones de producto, de dise\u00f1ar escaparates, exposiciones interiores, carteler\u00eda, im\u00e1genes, gr\u00e1ficos, v\u00eddeos, presentaciones de producto online\u2026<!--more-->[\/vc_column_text][\/vc_column][vc_column width=&#8221;1\/3&#8243;][vc_single_image image=&#8221;2568&#8243; img_size=&#8221;medium&#8221; add_caption=&#8221;yes&#8221; alignment=&#8221;center&#8221;][\/vc_column][\/vc_row][vc_row][vc_column width=&#8221;1\/3&#8243;][vc_single_image image=&#8221;2571&#8243; img_size=&#8221;medium&#8221; alignment=&#8221;center&#8221;][\/vc_column][vc_column width=&#8221;2\/3&#8243;][vc_column_text]Los colores nos ayudan a conectar con sensaciones y emociones; los consumidores van a reflejar en la elecci\u00f3n de sus colores, las necesidades emocionales que experimentan. Los pron\u00f3sticos indican que veremos diferentes paletas de colores con una inclinaci\u00f3n a utilizar combinaciones c\u00e1lidas y saturadas que den sensaci\u00f3n de confianza, ilusi\u00f3n, optimismo y equilibrio.[\/vc_column_text][\/vc_column][\/vc_row][vc_row][vc_column width=&#8221;2\/3&#8243;][vc_column_text]\u201cSeg\u00fan los expertos del <a href=\"https:\/\/www.pantone.com\/eu\/es\/\">Pantone Color Institute<\/a>, los colores para la primavera\/verano 2023, que se mostraron en Nueva York, reflejan c\u00f3mo nuestra experiencia de los \u00faltimos a\u00f1os ha influido en nuestra relaci\u00f3n con el color. Abrazando un enfoque intr\u00e9pido que va del caos a la tranquilidad, nos esforzamos por avanzar con una paleta de colores que celebra una libertad reci\u00e9n descubierta y la emoci\u00f3n de probar algo nuevo. Los colores y las combinaciones de colores que se prestan a la experimentaci\u00f3n y a los contrastes extravagantes ponen de relieve nuestro deseo de individualismo y nos animan a expresarnos de formas inesperadas.\u201d[\/vc_column_text][\/vc_column][vc_column width=&#8221;1\/3&#8243;][vc_single_image image=&#8221;2572&#8243; img_size=&#8221;medium&#8221; add_caption=&#8221;yes&#8221; alignment=&#8221;center&#8221;][\/vc_column][\/vc_row][vc_row][vc_column][vc_column_text]Vamos a ver la propuesta de tendencias en colores, estampados, materiales y formas 2023 por <a href=\"https:\/\/www.trendsenses.com\/\">Trend Senses<\/a> a trav\u00e9s de estos moodboard.[\/vc_column_text]<div id=\"mpc_grid_images-3069f700db2ce80\" class=\"mpc-grid-images mpc-init mpc-effect--none  mpc-overlay--slide-up\"  data-grid-cols=\"2\" data-align=\"middle-center\"><div class=\"mpc-item\"><div onclick=\"\" class=\"mpc-grid__image mpc-transition\"><img loading=\"lazy\" decoding=\"async\" width=\"732\" height=\"1024\" src=\"https:\/\/innovacioncomercio.org\/wp-content\/uploads\/2022\/09\/Tendencias-de-colores-y-estampados-2023-1-1-732x1024.jpg\" class=\"mpc-transition attachment-large\" alt=\"\" title=\"Tendencias de colores y estampados 2023 (1)\" srcset=\"https:\/\/innovacioncomercio.org\/wp-content\/uploads\/2022\/09\/Tendencias-de-colores-y-estampados-2023-1-1-732x1024.jpg 732w, https:\/\/innovacioncomercio.org\/wp-content\/uploads\/2022\/09\/Tendencias-de-colores-y-estampados-2023-1-1-215x300.jpg 215w, https:\/\/innovacioncomercio.org\/wp-content\/uploads\/2022\/09\/Tendencias-de-colores-y-estampados-2023-1-1-768x1074.jpg 768w, https:\/\/innovacioncomercio.org\/wp-content\/uploads\/2022\/09\/Tendencias-de-colores-y-estampados-2023-1-1.jpg 1032w\" sizes=\"auto, (max-width: 732px) 100vw, 732px\" \/><div class=\"mpc-item-overlay mpc-transition\"><div class=\"mpc-overlay--vertical-wrap\"><div class=\"mpc-overlay--vertical\"><a href=\"https:\/\/innovacioncomercio.org\/wp-content\/uploads\/2022\/09\/Tendencias-de-colores-y-estampados-2023-1-1.jpg\" rel=\"mpc[mpc_grid_images-3069f700db2ce80]\" class=\"mpc-icon-anchor mpc-magnific-popup\"><i class=\"mpc-item-overlay__icon mpc-type--lightbox mi mi-search mpc-icon--icon\"><\/i><\/a><\/div><\/div><\/div><\/div><\/div><div class=\"mpc-item\"><div onclick=\"\" class=\"mpc-grid__image mpc-transition\"><img loading=\"lazy\" decoding=\"async\" width=\"732\" height=\"1024\" src=\"https:\/\/innovacioncomercio.org\/wp-content\/uploads\/2022\/09\/Tendencias-de-colores-y-estampados-2023-12-732x1024.jpg\" class=\"mpc-transition attachment-large\" alt=\"\" title=\"Tendencias de colores y estampados 2023 (12)\" srcset=\"https:\/\/innovacioncomercio.org\/wp-content\/uploads\/2022\/09\/Tendencias-de-colores-y-estampados-2023-12-732x1024.jpg 732w, https:\/\/innovacioncomercio.org\/wp-content\/uploads\/2022\/09\/Tendencias-de-colores-y-estampados-2023-12-215x300.jpg 215w, https:\/\/innovacioncomercio.org\/wp-content\/uploads\/2022\/09\/Tendencias-de-colores-y-estampados-2023-12-768x1074.jpg 768w, https:\/\/innovacioncomercio.org\/wp-content\/uploads\/2022\/09\/Tendencias-de-colores-y-estampados-2023-12.jpg 1032w\" sizes=\"auto, (max-width: 732px) 100vw, 732px\" \/><div class=\"mpc-item-overlay mpc-transition\"><div class=\"mpc-overlay--vertical-wrap\"><div class=\"mpc-overlay--vertical\"><a href=\"https:\/\/innovacioncomercio.org\/wp-content\/uploads\/2022\/09\/Tendencias-de-colores-y-estampados-2023-12.jpg\" rel=\"mpc[mpc_grid_images-3069f700db2ce80]\" class=\"mpc-icon-anchor mpc-magnific-popup\"><i class=\"mpc-item-overlay__icon mpc-type--lightbox mi mi-search mpc-icon--icon\"><\/i><\/a><\/div><\/div><\/div><\/div><\/div><div class=\"mpc-item\"><div onclick=\"\" class=\"mpc-grid__image mpc-transition\"><img loading=\"lazy\" decoding=\"async\" width=\"564\" height=\"788\" src=\"https:\/\/innovacioncomercio.org\/wp-content\/uploads\/2022\/09\/Tendencias-de-colores-y-estampados-2023-2.jpg\" class=\"mpc-transition attachment-large\" alt=\"\" title=\"Tendencias de colores y estampados 2023 (2)\" srcset=\"https:\/\/innovacioncomercio.org\/wp-content\/uploads\/2022\/09\/Tendencias-de-colores-y-estampados-2023-2.jpg 564w, https:\/\/innovacioncomercio.org\/wp-content\/uploads\/2022\/09\/Tendencias-de-colores-y-estampados-2023-2-215x300.jpg 215w\" sizes=\"auto, (max-width: 564px) 100vw, 564px\" \/><div class=\"mpc-item-overlay mpc-transition\"><div class=\"mpc-overlay--vertical-wrap\"><div class=\"mpc-overlay--vertical\"><a href=\"https:\/\/innovacioncomercio.org\/wp-content\/uploads\/2022\/09\/Tendencias-de-colores-y-estampados-2023-2.jpg\" rel=\"mpc[mpc_grid_images-3069f700db2ce80]\" class=\"mpc-icon-anchor mpc-magnific-popup\"><i class=\"mpc-item-overlay__icon mpc-type--lightbox mi mi-search mpc-icon--icon\"><\/i><\/a><\/div><\/div><\/div><\/div><\/div><div class=\"mpc-item\"><div onclick=\"\" class=\"mpc-grid__image mpc-transition\"><img loading=\"lazy\" decoding=\"async\" width=\"732\" height=\"1024\" src=\"https:\/\/innovacioncomercio.org\/wp-content\/uploads\/2022\/09\/Tendencias-de-colores-y-estampados-2023-13-732x1024.jpg\" class=\"mpc-transition attachment-large\" alt=\"\" title=\"Tendencias de colores y estampados 2023 (13)\" srcset=\"https:\/\/innovacioncomercio.org\/wp-content\/uploads\/2022\/09\/Tendencias-de-colores-y-estampados-2023-13-732x1024.jpg 732w, https:\/\/innovacioncomercio.org\/wp-content\/uploads\/2022\/09\/Tendencias-de-colores-y-estampados-2023-13-215x300.jpg 215w, https:\/\/innovacioncomercio.org\/wp-content\/uploads\/2022\/09\/Tendencias-de-colores-y-estampados-2023-13-768x1074.jpg 768w, https:\/\/innovacioncomercio.org\/wp-content\/uploads\/2022\/09\/Tendencias-de-colores-y-estampados-2023-13.jpg 1032w\" sizes=\"auto, (max-width: 732px) 100vw, 732px\" \/><div class=\"mpc-item-overlay mpc-transition\"><div class=\"mpc-overlay--vertical-wrap\"><div class=\"mpc-overlay--vertical\"><a href=\"https:\/\/innovacioncomercio.org\/wp-content\/uploads\/2022\/09\/Tendencias-de-colores-y-estampados-2023-13.jpg\" rel=\"mpc[mpc_grid_images-3069f700db2ce80]\" class=\"mpc-icon-anchor mpc-magnific-popup\"><i class=\"mpc-item-overlay__icon mpc-type--lightbox mi mi-search mpc-icon--icon\"><\/i><\/a><\/div><\/div><\/div><\/div><\/div><\/div>[vc_empty_space][vc_column_text]Tambi\u00e9n veremos el arte \u00f3ptico en estampados, tendencia ambientada en la d\u00e9cada de los 60 donde el arte se fij\u00f3 en los objetos cotidianos para impregnarlos de patrones geom\u00e9tricos cin\u00e9ticos. Estos dise\u00f1os a menudo parecen atrevidos y descarados, lo que los hace frescos y contempor\u00e1neos. Etro, Moschino o Desigual ya se apuntan a esta preferencia.<\/p>\n<p>En este 2023, el color se hace a\u00fan m\u00e1s protagonista para expresarnos de forma \u00fanica y creativa. Aprovecha el poder del color para vender![\/vc_column_text][\/vc_column][\/vc_row][vc_row][vc_column][vc_custom_heading text=&#8221;\u00danete a nuestra newsletter semanal.&#8221; font_container=&#8221;tag:h3|text_align:left&#8221; google_fonts=&#8221;font_family:Montserrat%3Aregular%2C700|font_style:400%20regular%3A400%3Anormal&#8221;]\n                <div class='gf_browser_gecko gform_wrapper' id='gform_wrapper_9' ><form method='post' enctype='multipart\/form-data'  id='gform_9'  action='\/index.php\/wp-json\/wp\/v2\/posts\/2565'> \r\n <input type='hidden' class='gforms-pum' value='{\"closepopup\":false,\"closedelay\":0,\"openpopup\":false,\"openpopup_id\":0}' \/>\n                        <div class='gform_body'><ul id='gform_fields_9' class='gform_fields top_label form_sublabel_below description_below'><li id='field_9_1'  class='gfield field_sublabel_below field_description_below gfield_visibility_visible' ><label class='gfield_label gfield_label_before_complex'  >Nombre<\/label><div class='ginput_complex ginput_container no_prefix has_first_name no_middle_name has_last_name no_suffix gf_name_has_2 ginput_container_name' id='input_9_1'>\n                            \n                            <span id='input_9_1_3_container' class='name_first' >\n                                                    <input type='text' name='input_1.3' id='input_9_1_3' value='' aria-label='Nombre'    aria-invalid=\"false\" \/>\n                                                    <label for='input_9_1_3' >Nombre<\/label>\n                                                <\/span>\n                            \n                            <span id='input_9_1_6_container' class='name_last' >\n                                                    <input type='text' name='input_1.6' id='input_9_1_6' value='' aria-label='Apellidos'    aria-invalid=\"false\" \/>\n                                                    <label for='input_9_1_6' >Apellidos<\/label>\n                                                <\/span>\n                            \n                        <\/div><\/li><li id='field_9_2'  class='gfield gf_left_half field_sublabel_below field_description_below gfield_visibility_visible' ><label class='gfield_label' for='input_9_2' >Nombre del establecimiento<\/label><div class='ginput_container ginput_container_text'><input name='input_2' id='input_9_2' type='text' value='' class='medium'      aria-invalid=\"false\" \/><\/div><\/li><li id='field_9_7'  class='gfield gf_right_half field_sublabel_below field_description_below gfield_visibility_visible' ><label class='gfield_label' for='input_9_7' >Poblaci\u00f3n<\/label><div class='ginput_container ginput_container_text'><input name='input_7' id='input_9_7' type='text' value='' class='medium'      aria-invalid=\"false\" \/><\/div><\/li><li id='field_9_5'  class='gfield gf_middle_third field_sublabel_below field_description_below gfield_visibility_visible' ><label class='gfield_label' for='input_9_5' >Email<\/label><div class='ginput_container ginput_container_email'>\n                            <input name='input_5' id='input_9_5' type='text' value='' class='medium'     aria-invalid=\"false\" \/>\n                        <\/div><\/li><li id='field_9_6'  class='gfield gfield_contains_required field_sublabel_below field_description_below gfield_visibility_visible' ><label class='gfield_label'  >Informaci\u00f3n de protecci\u00f3n de datos<span class='gfield_required'>*<\/span><\/label><div class='ginput_container ginput_container_checkbox'><ul class='gfield_checkbox' id='input_9_6'><li class='gchoice_9_6_1'>\n\t\t\t\t\t\t\t\t<input name='input_6.1' type='checkbox'  value='Acepto y consiento el tratamiento de mis datos personales &lt;a href=&quot;https:\/\/innovacioncomercio.org\/index.php\/advertencias-legales-y-politica-de-privacidad\/&quot;&gt;&lt;u&gt;(Aviso legal y politicas de privacidad y protecci\u00f3n de datos)&lt;\/u&gt;&lt;\/a&gt;.'  id='choice_9_6_1'   \/>\n\t\t\t\t\t\t\t\t<label for='choice_9_6_1' id='label_9_6_1'>Acepto y consiento el tratamiento de mis datos personales <a href=\"https:\/\/innovacioncomercio.org\/index.php\/advertencias-legales-y-politica-de-privacidad\/\"><u>(Aviso legal y politicas de privacidad y protecci\u00f3n de datos)<\/u><\/a>.<\/label>\n\t\t\t\t\t\t\t<\/li><\/ul><\/div><\/li><li id='field_9_8'  class='gfield field_sublabel_below field_description_below gfield_visibility_visible' ><label class='gfield_label' for='input_9_8' >CAPTCHA<\/label><div id='input_9_8' class='ginput_container ginput_recaptcha' data-sitekey='6LdrEQ4pAAAAANeWXEIdVNH_86d76S-Xi3lhFfKK'  data-theme='light' data-tabindex='0'  data-badge=''><\/div><\/li>\n                            <\/ul><\/div>\n        <div class='gform_footer top_label'> <input type='submit' id='gform_submit_button_9' class='gform_button button' value='Enviar'  onclick='if(window[\"gf_submitting_9\"]){return false;}  window[\"gf_submitting_9\"]=true;  ' onkeypress='if( event.keyCode == 13 ){ if(window[\"gf_submitting_9\"]){return false;} window[\"gf_submitting_9\"]=true;  jQuery(\"#gform_9\").trigger(\"submit\",[true]); }' \/> \n            <input type='hidden' class='gform_hidden' name='is_submit_9' value='1' \/>\n            <input type='hidden' class='gform_hidden' name='gform_submit' value='9' \/>\n            \n            <input type='hidden' class='gform_hidden' name='gform_unique_id' value='' \/>\n            <input type='hidden' class='gform_hidden' name='state_9' value='WyJbXSIsImJmMjUyNjhlNzlhMmFhNmU1MjRhZTZiMDRiNWE3NTBlIl0=' \/>\n            <input type='hidden' class='gform_hidden' name='gform_target_page_number_9' id='gform_target_page_number_9' value='0' \/>\n            <input type='hidden' class='gform_hidden' name='gform_source_page_number_9' id='gform_source_page_number_9' value='1' \/>\n            <input type='hidden' name='gform_field_values' value='' \/>\n            \n        <\/div>\n                        <\/form>\n                        <\/div><script type='text\/javascript'> jQuery(document).bind('gform_post_render', function(event, formId, currentPage){if(formId == 9) {} } );jQuery(document).bind('gform_post_conditional_logic', function(event, formId, fields, isInit){} );<\/script><script type='text\/javascript'> jQuery(document).ready(function(){jQuery(document).trigger('gform_post_render', [9, 1]) } ); <\/script>[\/vc_column][\/vc_row]\n<\/div>","protected":false},"excerpt":{"rendered":"[vc_row][vc_column width=&#8221;2\/3&#8243;][vc_column_text]El color es poderoso y las tendencias de colores y estampados 2023 llegar\u00e1n con un alto impacto visual. Debemos tener en cuenta estas tendencias a la hora de comprar las pr\u00f3ximas colecciones de producto, de dise\u00f1ar escaparates, exposiciones interiores, carteler\u00eda, im\u00e1genes, gr\u00e1ficos, v\u00eddeos, presentaciones de producto online\u2026<\/p>\n","protected":false},"author":1,"featured_media":2568,"comment_status":"closed","ping_status":"open","sticky":false,"template":"","format":"standard","meta":{"_bbp_topic_count":0,"_bbp_reply_count":0,"_bbp_total_topic_count":0,"_bbp_total_reply_count":0,"_bbp_voice_count":0,"_bbp_anonymous_reply_count":0,"_bbp_topic_count_hidden":0,"_bbp_reply_count_hidden":0,"_bbp_forum_subforum_count":0,"content-type":"","footnotes":""},"categories":[13,12,18],"tags":[],"class_list":["post-2565","post","type-post","status-publish","format-standard","has-post-thumbnail","hentry","category-comercio-fisico","category-marketing-visual","category-tendencias"],"yoast_head":"<!-- This site is optimized with the Yoast SEO Premium plugin v19.2.1 (Yoast SEO v27.5) - https:\/\/yoast.com\/product\/yoast-seo-premium-wordpress\/ -->\n<title>Tendencias de colores y estampados 2023 \u2013 alto impacto visual. - INNOVACION COMERCIO<\/title>\n<meta name=\"robots\" content=\"index, follow, max-snippet:-1, max-image-preview:large, max-video-preview:-1\" \/>\n<link rel=\"canonical\" href=\"https:\/\/innovacioncomercio.org\/index.php\/2022\/09\/29\/tendencias-de-colores-y-estampados-2023-alto-impacto-visual\/\" \/>\n<meta property=\"og:locale\" content=\"es_ES\" \/>\n<meta property=\"og:type\" content=\"article\" \/>\n<meta property=\"og:title\" content=\"Tendencias de colores y estampados 2023 \u2013 alto impacto visual.\" \/>\n<meta property=\"og:description\" content=\"[vc_row][vc_column width=&#8221;2\/3&#8243;][vc_column_text]El color es poderoso y las tendencias de colores y estampados 2023 llegar\u00e1n con un alto impacto visual. Debemos tener en cuenta estas tendencias a la hora de comprar las pr\u00f3ximas colecciones de producto, de dise\u00f1ar escaparates, exposiciones interiores, carteler\u00eda, im\u00e1genes, gr\u00e1ficos, v\u00eddeos, presentaciones de producto online\u2026\" \/>\n<meta property=\"og:url\" content=\"https:\/\/innovacioncomercio.org\/index.php\/2022\/09\/29\/tendencias-de-colores-y-estampados-2023-alto-impacto-visual\/\" \/>\n<meta property=\"og:site_name\" content=\"INNOVACION COMERCIO\" \/>\n<meta property=\"article:published_time\" content=\"2022-09-29T13:55:45+00:00\" \/>\n<meta property=\"article:modified_time\" content=\"2022-09-29T15:02:58+00:00\" \/>\n<meta property=\"og:image\" content=\"https:\/\/innovacioncomercio.org\/wp-content\/uploads\/2022\/09\/Tendencias-de-colores-y-estampados-2023-10.jpg\" \/>\n\t<meta property=\"og:image:width\" content=\"563\" \/>\n\t<meta property=\"og:image:height\" content=\"786\" \/>\n\t<meta property=\"og:image:type\" content=\"image\/jpeg\" \/>\n<meta name=\"author\" content=\"admin@innovacioncomercio.org\" \/>\n<meta name=\"twitter:card\" content=\"summary_large_image\" \/>\n<meta name=\"twitter:label1\" content=\"Escrito por\" \/>\n\t<meta name=\"twitter:data1\" content=\"admin@innovacioncomercio.org\" \/>\n\t<meta name=\"twitter:label2\" content=\"Tiempo de lectura\" \/>\n\t<meta name=\"twitter:data2\" content=\"2 minutos\" \/>\n<script type=\"application\/ld+json\" class=\"yoast-schema-graph\">{\"@context\":\"https:\\\/\\\/schema.org\",\"@graph\":[{\"@type\":\"Article\",\"@id\":\"https:\\\/\\\/innovacioncomercio.org\\\/index.php\\\/2022\\\/09\\\/29\\\/tendencias-de-colores-y-estampados-2023-alto-impacto-visual\\\/#article\",\"isPartOf\":{\"@id\":\"https:\\\/\\\/innovacioncomercio.org\\\/index.php\\\/2022\\\/09\\\/29\\\/tendencias-de-colores-y-estampados-2023-alto-impacto-visual\\\/\"},\"author\":{\"name\":\"admin@innovacioncomercio.org\",\"@id\":\"https:\\\/\\\/innovacioncomercio.org\\\/#\\\/schema\\\/person\\\/6d92bb28a9c893f0f2be4434f32f554b\"},\"headline\":\"Tendencias de colores y estampados 2023 \u2013 alto impacto visual.\",\"datePublished\":\"2022-09-29T13:55:45+00:00\",\"dateModified\":\"2022-09-29T15:02:58+00:00\",\"mainEntityOfPage\":{\"@id\":\"https:\\\/\\\/innovacioncomercio.org\\\/index.php\\\/2022\\\/09\\\/29\\\/tendencias-de-colores-y-estampados-2023-alto-impacto-visual\\\/\"},\"wordCount\":541,\"image\":{\"@id\":\"https:\\\/\\\/innovacioncomercio.org\\\/index.php\\\/2022\\\/09\\\/29\\\/tendencias-de-colores-y-estampados-2023-alto-impacto-visual\\\/#primaryimage\"},\"thumbnailUrl\":\"https:\\\/\\\/innovacioncomercio.org\\\/wp-content\\\/uploads\\\/2022\\\/09\\\/Tendencias-de-colores-y-estampados-2023-10.jpg\",\"articleSection\":[\"Comercio f\u00edsico\",\"Marketing Visual\",\"Tendencias\"],\"inLanguage\":\"es\"},{\"@type\":\"WebPage\",\"@id\":\"https:\\\/\\\/innovacioncomercio.org\\\/index.php\\\/2022\\\/09\\\/29\\\/tendencias-de-colores-y-estampados-2023-alto-impacto-visual\\\/\",\"url\":\"https:\\\/\\\/innovacioncomercio.org\\\/index.php\\\/2022\\\/09\\\/29\\\/tendencias-de-colores-y-estampados-2023-alto-impacto-visual\\\/\",\"name\":\"Tendencias de colores y estampados 2023 \u2013 alto impacto visual. - INNOVACION COMERCIO\",\"isPartOf\":{\"@id\":\"https:\\\/\\\/innovacioncomercio.org\\\/#website\"},\"primaryImageOfPage\":{\"@id\":\"https:\\\/\\\/innovacioncomercio.org\\\/index.php\\\/2022\\\/09\\\/29\\\/tendencias-de-colores-y-estampados-2023-alto-impacto-visual\\\/#primaryimage\"},\"image\":{\"@id\":\"https:\\\/\\\/innovacioncomercio.org\\\/index.php\\\/2022\\\/09\\\/29\\\/tendencias-de-colores-y-estampados-2023-alto-impacto-visual\\\/#primaryimage\"},\"thumbnailUrl\":\"https:\\\/\\\/innovacioncomercio.org\\\/wp-content\\\/uploads\\\/2022\\\/09\\\/Tendencias-de-colores-y-estampados-2023-10.jpg\",\"datePublished\":\"2022-09-29T13:55:45+00:00\",\"dateModified\":\"2022-09-29T15:02:58+00:00\",\"author\":{\"@id\":\"https:\\\/\\\/innovacioncomercio.org\\\/#\\\/schema\\\/person\\\/6d92bb28a9c893f0f2be4434f32f554b\"},\"breadcrumb\":{\"@id\":\"https:\\\/\\\/innovacioncomercio.org\\\/index.php\\\/2022\\\/09\\\/29\\\/tendencias-de-colores-y-estampados-2023-alto-impacto-visual\\\/#breadcrumb\"},\"inLanguage\":\"es\",\"potentialAction\":[{\"@type\":\"ReadAction\",\"target\":[\"https:\\\/\\\/innovacioncomercio.org\\\/index.php\\\/2022\\\/09\\\/29\\\/tendencias-de-colores-y-estampados-2023-alto-impacto-visual\\\/\"]}]},{\"@type\":\"ImageObject\",\"inLanguage\":\"es\",\"@id\":\"https:\\\/\\\/innovacioncomercio.org\\\/index.php\\\/2022\\\/09\\\/29\\\/tendencias-de-colores-y-estampados-2023-alto-impacto-visual\\\/#primaryimage\",\"url\":\"https:\\\/\\\/innovacioncomercio.org\\\/wp-content\\\/uploads\\\/2022\\\/09\\\/Tendencias-de-colores-y-estampados-2023-10.jpg\",\"contentUrl\":\"https:\\\/\\\/innovacioncomercio.org\\\/wp-content\\\/uploads\\\/2022\\\/09\\\/Tendencias-de-colores-y-estampados-2023-10.jpg\",\"width\":563,\"height\":786,\"caption\":\"Imagen v\u00eda Pinterest\"},{\"@type\":\"BreadcrumbList\",\"@id\":\"https:\\\/\\\/innovacioncomercio.org\\\/index.php\\\/2022\\\/09\\\/29\\\/tendencias-de-colores-y-estampados-2023-alto-impacto-visual\\\/#breadcrumb\",\"itemListElement\":[{\"@type\":\"ListItem\",\"position\":1,\"name\":\"Portada\",\"item\":\"https:\\\/\\\/innovacioncomercio.org\\\/\"},{\"@type\":\"ListItem\",\"position\":2,\"name\":\"Tendencias de colores y estampados 2023 \u2013 alto impacto visual.\"}]},{\"@type\":\"WebSite\",\"@id\":\"https:\\\/\\\/innovacioncomercio.org\\\/#website\",\"url\":\"https:\\\/\\\/innovacioncomercio.org\\\/\",\"name\":\"INNOVACION COMERCIO\",\"description\":\"C\u00e1tedra de Innovaci\u00f3n para el Comercio\",\"potentialAction\":[{\"@type\":\"SearchAction\",\"target\":{\"@type\":\"EntryPoint\",\"urlTemplate\":\"https:\\\/\\\/innovacioncomercio.org\\\/?s={search_term_string}\"},\"query-input\":{\"@type\":\"PropertyValueSpecification\",\"valueRequired\":true,\"valueName\":\"search_term_string\"}}],\"inLanguage\":\"es\"},{\"@type\":\"Person\",\"@id\":\"https:\\\/\\\/innovacioncomercio.org\\\/#\\\/schema\\\/person\\\/6d92bb28a9c893f0f2be4434f32f554b\",\"name\":\"admin@innovacioncomercio.org\",\"image\":{\"@type\":\"ImageObject\",\"inLanguage\":\"es\",\"@id\":\"https:\\\/\\\/secure.gravatar.com\\\/avatar\\\/26d81e70e64bedc5c9682c4fec4cffa792c7433b66299bcf38ed578f850156b7?s=96&d=mm&r=g\",\"url\":\"https:\\\/\\\/secure.gravatar.com\\\/avatar\\\/26d81e70e64bedc5c9682c4fec4cffa792c7433b66299bcf38ed578f850156b7?s=96&d=mm&r=g\",\"contentUrl\":\"https:\\\/\\\/secure.gravatar.com\\\/avatar\\\/26d81e70e64bedc5c9682c4fec4cffa792c7433b66299bcf38ed578f850156b7?s=96&d=mm&r=g\",\"caption\":\"admin@innovacioncomercio.org\"},\"sameAs\":[\"http:\\\/\\\/innovacioncomercio.org\"],\"url\":\"https:\\\/\\\/innovacioncomercio.org\\\/index.php\\\/author\\\/admininnovacioncomercio-org\\\/\"}]}<\/script>\n<!-- \/ Yoast SEO Premium plugin. -->","yoast_head_json":{"title":"Tendencias de colores y estampados 2023 \u2013 alto impacto visual. - INNOVACION COMERCIO","robots":{"index":"index","follow":"follow","max-snippet":"max-snippet:-1","max-image-preview":"max-image-preview:large","max-video-preview":"max-video-preview:-1"},"canonical":"https:\/\/innovacioncomercio.org\/index.php\/2022\/09\/29\/tendencias-de-colores-y-estampados-2023-alto-impacto-visual\/","og_locale":"es_ES","og_type":"article","og_title":"Tendencias de colores y estampados 2023 \u2013 alto impacto visual.","og_description":"[vc_row][vc_column width=&#8221;2\/3&#8243;][vc_column_text]El color es poderoso y las tendencias de colores y estampados 2023 llegar\u00e1n con un alto impacto visual. Debemos tener en cuenta estas tendencias a la hora de comprar las pr\u00f3ximas colecciones de producto, de dise\u00f1ar escaparates, exposiciones interiores, carteler\u00eda, im\u00e1genes, gr\u00e1ficos, v\u00eddeos, presentaciones de producto online\u2026","og_url":"https:\/\/innovacioncomercio.org\/index.php\/2022\/09\/29\/tendencias-de-colores-y-estampados-2023-alto-impacto-visual\/","og_site_name":"INNOVACION COMERCIO","article_published_time":"2022-09-29T13:55:45+00:00","article_modified_time":"2022-09-29T15:02:58+00:00","og_image":[{"width":563,"height":786,"url":"https:\/\/innovacioncomercio.org\/wp-content\/uploads\/2022\/09\/Tendencias-de-colores-y-estampados-2023-10.jpg","type":"image\/jpeg"}],"author":"admin@innovacioncomercio.org","twitter_card":"summary_large_image","twitter_misc":{"Escrito por":"admin@innovacioncomercio.org","Tiempo de lectura":"2 minutos"},"schema":{"@context":"https:\/\/schema.org","@graph":[{"@type":"Article","@id":"https:\/\/innovacioncomercio.org\/index.php\/2022\/09\/29\/tendencias-de-colores-y-estampados-2023-alto-impacto-visual\/#article","isPartOf":{"@id":"https:\/\/innovacioncomercio.org\/index.php\/2022\/09\/29\/tendencias-de-colores-y-estampados-2023-alto-impacto-visual\/"},"author":{"name":"admin@innovacioncomercio.org","@id":"https:\/\/innovacioncomercio.org\/#\/schema\/person\/6d92bb28a9c893f0f2be4434f32f554b"},"headline":"Tendencias de colores y estampados 2023 \u2013 alto impacto visual.","datePublished":"2022-09-29T13:55:45+00:00","dateModified":"2022-09-29T15:02:58+00:00","mainEntityOfPage":{"@id":"https:\/\/innovacioncomercio.org\/index.php\/2022\/09\/29\/tendencias-de-colores-y-estampados-2023-alto-impacto-visual\/"},"wordCount":541,"image":{"@id":"https:\/\/innovacioncomercio.org\/index.php\/2022\/09\/29\/tendencias-de-colores-y-estampados-2023-alto-impacto-visual\/#primaryimage"},"thumbnailUrl":"https:\/\/innovacioncomercio.org\/wp-content\/uploads\/2022\/09\/Tendencias-de-colores-y-estampados-2023-10.jpg","articleSection":["Comercio f\u00edsico","Marketing Visual","Tendencias"],"inLanguage":"es"},{"@type":"WebPage","@id":"https:\/\/innovacioncomercio.org\/index.php\/2022\/09\/29\/tendencias-de-colores-y-estampados-2023-alto-impacto-visual\/","url":"https:\/\/innovacioncomercio.org\/index.php\/2022\/09\/29\/tendencias-de-colores-y-estampados-2023-alto-impacto-visual\/","name":"Tendencias de colores y estampados 2023 \u2013 alto impacto visual. - INNOVACION COMERCIO","isPartOf":{"@id":"https:\/\/innovacioncomercio.org\/#website"},"primaryImageOfPage":{"@id":"https:\/\/innovacioncomercio.org\/index.php\/2022\/09\/29\/tendencias-de-colores-y-estampados-2023-alto-impacto-visual\/#primaryimage"},"image":{"@id":"https:\/\/innovacioncomercio.org\/index.php\/2022\/09\/29\/tendencias-de-colores-y-estampados-2023-alto-impacto-visual\/#primaryimage"},"thumbnailUrl":"https:\/\/innovacioncomercio.org\/wp-content\/uploads\/2022\/09\/Tendencias-de-colores-y-estampados-2023-10.jpg","datePublished":"2022-09-29T13:55:45+00:00","dateModified":"2022-09-29T15:02:58+00:00","author":{"@id":"https:\/\/innovacioncomercio.org\/#\/schema\/person\/6d92bb28a9c893f0f2be4434f32f554b"},"breadcrumb":{"@id":"https:\/\/innovacioncomercio.org\/index.php\/2022\/09\/29\/tendencias-de-colores-y-estampados-2023-alto-impacto-visual\/#breadcrumb"},"inLanguage":"es","potentialAction":[{"@type":"ReadAction","target":["https:\/\/innovacioncomercio.org\/index.php\/2022\/09\/29\/tendencias-de-colores-y-estampados-2023-alto-impacto-visual\/"]}]},{"@type":"ImageObject","inLanguage":"es","@id":"https:\/\/innovacioncomercio.org\/index.php\/2022\/09\/29\/tendencias-de-colores-y-estampados-2023-alto-impacto-visual\/#primaryimage","url":"https:\/\/innovacioncomercio.org\/wp-content\/uploads\/2022\/09\/Tendencias-de-colores-y-estampados-2023-10.jpg","contentUrl":"https:\/\/innovacioncomercio.org\/wp-content\/uploads\/2022\/09\/Tendencias-de-colores-y-estampados-2023-10.jpg","width":563,"height":786,"caption":"Imagen v\u00eda Pinterest"},{"@type":"BreadcrumbList","@id":"https:\/\/innovacioncomercio.org\/index.php\/2022\/09\/29\/tendencias-de-colores-y-estampados-2023-alto-impacto-visual\/#breadcrumb","itemListElement":[{"@type":"ListItem","position":1,"name":"Portada","item":"https:\/\/innovacioncomercio.org\/"},{"@type":"ListItem","position":2,"name":"Tendencias de colores y estampados 2023 \u2013 alto impacto visual."}]},{"@type":"WebSite","@id":"https:\/\/innovacioncomercio.org\/#website","url":"https:\/\/innovacioncomercio.org\/","name":"INNOVACION COMERCIO","description":"C\u00e1tedra de Innovaci\u00f3n para el Comercio","potentialAction":[{"@type":"SearchAction","target":{"@type":"EntryPoint","urlTemplate":"https:\/\/innovacioncomercio.org\/?s={search_term_string}"},"query-input":{"@type":"PropertyValueSpecification","valueRequired":true,"valueName":"search_term_string"}}],"inLanguage":"es"},{"@type":"Person","@id":"https:\/\/innovacioncomercio.org\/#\/schema\/person\/6d92bb28a9c893f0f2be4434f32f554b","name":"admin@innovacioncomercio.org","image":{"@type":"ImageObject","inLanguage":"es","@id":"https:\/\/secure.gravatar.com\/avatar\/26d81e70e64bedc5c9682c4fec4cffa792c7433b66299bcf38ed578f850156b7?s=96&d=mm&r=g","url":"https:\/\/secure.gravatar.com\/avatar\/26d81e70e64bedc5c9682c4fec4cffa792c7433b66299bcf38ed578f850156b7?s=96&d=mm&r=g","contentUrl":"https:\/\/secure.gravatar.com\/avatar\/26d81e70e64bedc5c9682c4fec4cffa792c7433b66299bcf38ed578f850156b7?s=96&d=mm&r=g","caption":"admin@innovacioncomercio.org"},"sameAs":["http:\/\/innovacioncomercio.org"],"url":"https:\/\/innovacioncomercio.org\/index.php\/author\/admininnovacioncomercio-org\/"}]}},"_links":{"self":[{"href":"https:\/\/innovacioncomercio.org\/index.php\/wp-json\/wp\/v2\/posts\/2565","targetHints":{"allow":["GET"]}}],"collection":[{"href":"https:\/\/innovacioncomercio.org\/index.php\/wp-json\/wp\/v2\/posts"}],"about":[{"href":"https:\/\/innovacioncomercio.org\/index.php\/wp-json\/wp\/v2\/types\/post"}],"author":[{"embeddable":true,"href":"https:\/\/innovacioncomercio.org\/index.php\/wp-json\/wp\/v2\/users\/1"}],"replies":[{"embeddable":true,"href":"https:\/\/innovacioncomercio.org\/index.php\/wp-json\/wp\/v2\/comments?post=2565"}],"version-history":[{"count":3,"href":"https:\/\/innovacioncomercio.org\/index.php\/wp-json\/wp\/v2\/posts\/2565\/revisions"}],"predecessor-version":[{"id":2577,"href":"https:\/\/innovacioncomercio.org\/index.php\/wp-json\/wp\/v2\/posts\/2565\/revisions\/2577"}],"wp:featuredmedia":[{"embeddable":true,"href":"https:\/\/innovacioncomercio.org\/index.php\/wp-json\/wp\/v2\/media\/2568"}],"wp:attachment":[{"href":"https:\/\/innovacioncomercio.org\/index.php\/wp-json\/wp\/v2\/media?parent=2565"}],"wp:term":[{"taxonomy":"category","embeddable":true,"href":"https:\/\/innovacioncomercio.org\/index.php\/wp-json\/wp\/v2\/categories?post=2565"},{"taxonomy":"post_tag","embeddable":true,"href":"https:\/\/innovacioncomercio.org\/index.php\/wp-json\/wp\/v2\/tags?post=2565"}],"curies":[{"name":"wp","href":"https:\/\/api.w.org\/{rel}","templated":true}]}}