{"id":3320,"date":"2023-04-01T05:15:05","date_gmt":"2023-04-01T05:15:05","guid":{"rendered":"https:\/\/innovacioncomercio.org\/?p=3320"},"modified":"2023-03-18T07:38:33","modified_gmt":"2023-03-18T07:38:33","slug":"psicologia-del-color-en-el-comercio-electronico","status":"publish","type":"post","link":"https:\/\/innovacioncomercio.org\/index.php\/2023\/04\/01\/psicologia-del-color-en-el-comercio-electronico\/","title":{"rendered":"Psicolog\u00eda del color en el comercio electr\u00f3nico"},"content":{"rendered":"<div class=\"wpb-content-wrapper\" id=\"wpb-content-root\">[vc_row][vc_column][vc_column_text]\u00bfSab\u00edas que el uso correcto de los colores puede tener un impacto en tus ventas? La raz\u00f3n de esto son los patrones psicol\u00f3gicos de color que puedes aprovechar. Nuestros expertos en dise\u00f1o te dar\u00e1n valiosos consejos sobre la combinaci\u00f3n correcta de colores y te mostrar\u00e1n c\u00f3mo utilizarlos para tu empresa, tus productos y tu tienda online.<\/p>\n<p>\u00bfC\u00f3mo funcionan los colores?<\/p>\n<p>Para entender c\u00f3mo los colores influyen en nuestro comportamiento de compra, primero demos un paso atr\u00e1s.<\/p>\n<p>Por la teor\u00eda del color, sabemos que los colores se dividen en primarios, secundarios y terciarios. Esto se puede ver especialmente bien en la rueda de color de Itten.[\/vc_column_text][vc_empty_space][vc_single_image image=&#8221;3321&#8243; img_size=&#8221;300&#215;150&#8243; alignment=&#8221;center&#8221;][vc_empty_space][vc_column_text]Los colores primarios son colores originales y no est\u00e1n mezclados. Los colores secundarios se crean mezclando dos colores primarios (por ejemplo: amarillo + azul = verde). Esto, a su vez, da lugar a colores terciarios en el proceso de mezcla posterior, es decir, a colores turbios de los colores secundarios (por ejemplo, el marr\u00f3n).<\/p>\n<p>Lo que asociamos con los colores est\u00e1 profundamente anclado en nuestra conciencia. Las razones para ello son los patrones sociales, los antecedentes culturales y los gustos personales. Ciertos colores afectan incluso al comportamiento y las emociones de una persona. Suelen ser los colores primarios y secundarios, ya que son los que m\u00e1s aparecen en nuestro entorno.<\/p>\n<h3>El l\u00e9xico del color para el marketing dirigido: c\u00f3mo influyen los colores en nuestro comportamiento de compra<\/h3>\n<p>Los colores de la marca nos acompa\u00f1an todos los d\u00edas. Piensa en Apple, MediaMarkt o Nivea. Cada marca tiene su propio esquema de colores que apoya el significado de la empresa. Esto, a su vez, aumenta el reconocimiento de la marca, seg\u00fan un estudio de\u00a0<a href=\"https:\/\/neilpatel.com\/blog\/color-psychology\/?wide=1\" target=\"_blank\" rel=\"noopener\">Kissmetrics<\/a>.[\/vc_column_text][vc_single_image image=&#8221;3323&#8243; img_size=&#8221;full&#8221; alignment=&#8221;center&#8221;][\/vc_column][\/vc_row][vc_row][vc_column]<span id=\"creative-link-wrap-6278\" class=\"ult_main_cl ult-adjust-bottom-margin  \" >\n\t \t\t\t<span class=\"ult_cl_link_2  ult_crlink\" >\n\t\t\t\t\t<a  data-ultimate-target='#creative-link-wrap-6278 .ult_colorlink'  data-responsive-json-new='{\"font-size\":\"desktop:30px;\",\"line-height\":\"\"}'  href=\"https:\/\/blog.epages.com\/es\/psicologia-del-color-en-el-comercio-electronico-como-utilizar-los-colores-con-habilidad-para-tu-tienda-online\/\" target=\"_blank\" rel=\"noopener\"  class=\"ult_colorlink ult-responsive \" style=\"font-weight:bold; \"  data-textcolor=\"#ff9166\" data-texthover=\"#300c00\"data-bgcolor=\"#300c00\"data-bghover=\"#ff9166\"data-style=\"Style_2\">\n\t\t\t\t\t\t\n\t\t\t\t\t\t<span data-hover=\"Psicolog\u00eda del color en el comercio electr\u00f3nico: c\u00f3mo utilizar los colores con habilidad para tu tienda online | ePages Blog\" style=\"color:#ff9166;;background:#300c00;;\" class=\"ult_btn10_span   \">Psicolog\u00eda del color en el comercio electr\u00f3nico: c\u00f3mo utilizar los colores con habilidad para tu tienda online | ePages Blog<\/span>\n\t\t\t\t\t\t\n\t\t\t\t\t<\/a>\n\t\t\t\t<\/span>\n\t\t\t<\/span>[\/vc_column][\/vc_row][vc_row][vc_column][vc_custom_heading text=&#8221;Ap\u00fantate a nuestra newsletter semanal.&#8221; google_fonts=&#8221;font_family:Montserrat%3Aregular%2C700|font_style:400%20regular%3A400%3Anormal&#8221;]<script>\nvar gform;gform||(document.addEventListener(\"gform_main_scripts_loaded\",function(){gform.scriptsLoaded=!0}),document.addEventListener(\"gform\/theme\/scripts_loaded\",function(){gform.themeScriptsLoaded=!0}),window.addEventListener(\"DOMContentLoaded\",function(){gform.domLoaded=!0}),gform={domLoaded:!1,scriptsLoaded:!1,themeScriptsLoaded:!1,isFormEditor:()=>\"function\"==typeof InitializeEditor,callIfLoaded:function(o){return!(!gform.domLoaded||!gform.scriptsLoaded||!gform.themeScriptsLoaded&&!gform.isFormEditor()||(gform.isFormEditor()&&console.warn(\"The use of gform.initializeOnLoaded() is deprecated in the form editor context and will be removed in Gravity Forms 3.1.\"),o(),0))},initializeOnLoaded:function(o){gform.callIfLoaded(o)||(document.addEventListener(\"gform_main_scripts_loaded\",()=>{gform.scriptsLoaded=!0,gform.callIfLoaded(o)}),document.addEventListener(\"gform\/theme\/scripts_loaded\",()=>{gform.themeScriptsLoaded=!0,gform.callIfLoaded(o)}),window.addEventListener(\"DOMContentLoaded\",()=>{gform.domLoaded=!0,gform.callIfLoaded(o)}))},hooks:{action:{},filter:{}},addAction:function(o,r,e,t){gform.addHook(\"action\",o,r,e,t)},addFilter:function(o,r,e,t){gform.addHook(\"filter\",o,r,e,t)},doAction:function(o){gform.doHook(\"action\",o,arguments)},applyFilters:function(o){return gform.doHook(\"filter\",o,arguments)},removeAction:function(o,r){gform.removeHook(\"action\",o,r)},removeFilter:function(o,r,e){gform.removeHook(\"filter\",o,r,e)},addHook:function(o,r,e,t,n){null==gform.hooks[o][r]&&(gform.hooks[o][r]=[]);var d=gform.hooks[o][r];null==n&&(n=r+\"_\"+d.length),gform.hooks[o][r].push({tag:n,callable:e,priority:t=null==t?10:t})},doHook:function(r,o,e){var t;if(e=Array.prototype.slice.call(e,1),null!=gform.hooks[r][o]&&((o=gform.hooks[r][o]).sort(function(o,r){return o.priority-r.priority}),o.forEach(function(o){\"function\"!=typeof(t=o.callable)&&(t=window[t]),\"action\"==r?t.apply(null,e):e[0]=t.apply(null,e)})),\"filter\"==r)return e[0]},removeHook:function(o,r,t,n){var e;null!=gform.hooks[o][r]&&(e=(e=gform.hooks[o][r]).filter(function(o,r,e){return!!(null!=n&&n!=o.tag||null!=t&&t!=o.priority)}),gform.hooks[o][r]=e)}});\n<\/script>\n\n                <div class='gf_browser_gecko gform_wrapper gform_legacy_markup_wrapper gform-theme--no-framework' data-form-theme='legacy' data-form-index='0' id='gform_wrapper_9' ><form method='post' enctype='multipart\/form-data'  id='gform_9'  action='\/index.php\/wp-json\/wp\/v2\/posts\/3320' data-formid='9' novalidate>\n                        <div class='gform-body gform_body'><ul id='gform_fields_9' class='gform_fields top_label form_sublabel_below description_below validation_below'><li id=\"field_9_1\" class=\"gfield gfield--type-name field_sublabel_below gfield--no-description field_description_below field_validation_below gfield_visibility_visible\"  ><label class='gfield_label gform-field-label gfield_label_before_complex' ><span class='gform-field-label__text'>Nombre<\/span><\/label><div class='ginput_complex ginput_container ginput_container--name no_prefix has_first_name no_middle_name has_last_name no_suffix gf_name_has_2 ginput_container_name gform-grid-row' id='input_9_1'>\n                            \n                            <span id='input_9_1_3_container' class='name_first gform-grid-col gform-grid-col--size-auto' >\n                                                    <input type='text' name='input_1.3' id='input_9_1_3' value=''   aria-required='false'     \/>\n                                                    <label for='input_9_1_3' class='gform-field-label gform-field-label--type-sub '>Nombre<\/label>\n                                                <\/span>\n                            \n                            <span id='input_9_1_6_container' class='name_last gform-grid-col gform-grid-col--size-auto' >\n                                                    <input type='text' name='input_1.6' id='input_9_1_6' value=''   aria-required='false'     \/>\n                                                    <label for='input_9_1_6' class='gform-field-label gform-field-label--type-sub '>Apellidos<\/label>\n                                                <\/span>\n                            \n                        <\/div><\/li><li id=\"field_9_2\" class=\"gfield gfield--type-text gf_left_half field_sublabel_below gfield--no-description field_description_below field_validation_below gfield_visibility_visible\"  ><label class='gfield_label gform-field-label' for='input_9_2'><span class='gform-field-label__text'>Nombre del establecimiento<\/span><\/label><div class='ginput_container ginput_container_text'><input name='input_2' id='input_9_2' type='text' value='' class='medium'      aria-invalid=\"false\"   \/><\/div><\/li><li id=\"field_9_7\" class=\"gfield gfield--type-text gf_right_half field_sublabel_below gfield--no-description field_description_below field_validation_below gfield_visibility_visible\"  ><label class='gfield_label gform-field-label' for='input_9_7'><span class='gform-field-label__text'>Poblaci\u00f3n<\/span><\/label><div class='ginput_container ginput_container_text'><input name='input_7' id='input_9_7' type='text' value='' class='medium'      aria-invalid=\"false\"   \/><\/div><\/li><li id=\"field_9_5\" class=\"gfield gfield--type-email gf_middle_third field_sublabel_below gfield--no-description field_description_below field_validation_below gfield_visibility_visible\"  ><label class='gfield_label gform-field-label' for='input_9_5'><span class='gform-field-label__text'>Email<\/span><\/label><div class='ginput_container ginput_container_email'>\n                            <input name='input_5' id='input_9_5' type='email' value='' class='medium'     aria-invalid=\"false\"  \/>\n                        <\/div><\/li><li id=\"field_9_6\" class=\"gfield gfield--type-checkbox gfield--type-choice gfield_contains_required field_sublabel_below gfield--no-description field_description_below field_validation_below gfield_visibility_visible gfield--choice-align-vertical\"  ><label class='gfield_label gform-field-label gfield_label_before_complex' ><span class='gform-field-label__text'>Informaci\u00f3n de protecci\u00f3n de datos<\/span><span class=\"gfield_required\"><span class=\"gfield_required gfield_required_asterisk\">*<\/span><\/span><\/label><div class='ginput_container ginput_container_checkbox'><ul class='gfield_checkbox' id='input_9_6'><li class='gchoice gchoice_9_6_1'>\n\t\t\t\t\t\t\t\t<input class='gfield-choice-input' name='input_6.1' type='checkbox'  value='Acepto y consiento el tratamiento de mis datos personales &lt;a href=&quot;https:\/\/innovacioncomercio.org\/index.php\/advertencias-legales-y-politica-de-privacidad\/&quot;&gt;&lt;u&gt;(Aviso legal y politicas de privacidad y protecci\u00f3n de datos)&lt;\/u&gt;&lt;\/a&gt;.'  id='choice_9_6_1'   \/>\n\t\t\t\t\t\t\t\t<label for='choice_9_6_1' id='label_9_6_1' class='gform-field-label gform-field-label--type-inline'>Acepto y consiento el tratamiento de mis datos personales <a href=\"https:\/\/innovacioncomercio.org\/index.php\/advertencias-legales-y-politica-de-privacidad\/\"><u>(Aviso legal y politicas de privacidad y protecci\u00f3n de datos)<\/u><\/a>.<\/label>\n\t\t\t\t\t\t\t<\/li><\/ul><\/div><\/li><li id=\"field_9_8\" class=\"gfield gfield--type-captcha field_sublabel_below gfield--no-description field_description_below field_validation_below gfield_visibility_visible\"  ><label class='gfield_label gform-field-label' for='input_9_8'><span class='gform-field-label__text'>CAPTCHA<\/span><\/label><div id='input_9_8' class='ginput_container ginput_recaptcha' data-sitekey='6LdrEQ4pAAAAANeWXEIdVNH_86d76S-Xi3lhFfKK'  data-theme='light' data-tabindex='0'  data-badge=''><\/div><\/li><\/ul><\/div>\n        <div class='gform-footer gform_footer top_label'> <button type='submit' id='gform_submit_button_9' class='gform_button button' onclick='gform.submission.handleButtonClick(this);' data-submission-type='submit' >Enviar<\/button> \n            <input type='hidden' class='gform_hidden' name='gform_submission_method' data-js='gform_submission_method_9' value='postback' \/>\n            <input type='hidden' class='gform_hidden' name='gform_theme' data-js='gform_theme_9' id='gform_theme_9' value='legacy' \/>\n            <input type='hidden' class='gform_hidden' name='gform_style_settings' data-js='gform_style_settings_9' id='gform_style_settings_9' value='[]' \/>\n            <input type='hidden' class='gform_hidden' name='is_submit_9' value='1' \/>\n            <input type='hidden' class='gform_hidden' name='gform_submit' value='9' \/>\n            \n            <input type='hidden' class='gform_hidden' name='gform_currency' data-currency='EUR' value='R8f\/dC4i4KSjA4Bs7bjUY\/H6CaHzikqJiULEuz8XM3BE94DLU44aAvxrE3438gK6ED7A3gbHpSK1BU0xl8WMxbo2JdvKrCBtg7l0dAECKvjc43w=' \/>\n            <input type='hidden' class='gform_hidden' name='gform_unique_id' value='' \/>\n            <input type='hidden' class='gform_hidden' name='state_9' value='WyJ7XCJnZm9ybV9zdWJtaXNzaW9uX21ldGhvZFwiOltcImVmMGZmYTkxODZkNjE0ZjcxNzc3YjA5OThkNmI1M2Q0XCIsXCJjM2E4YjRmMGI4ZmU1MWMyZWVlMjI2NTE3MjI1ZDE2Y1wiXSxcImdmb3JtX3RoZW1lXCI6XCJkZmIwNTI5ZTE5OWQzYjUzODY2YzdhYmQyM2Y0MDkzOVwiLFwiZ2Zvcm1fc3R5bGVfc2V0dGluZ3NcIjpcIjBkNTU5MDE4YWE2NTEyMWFiOGU3YWNiYjk5YzkyMGVkXCIsXCJmb3JtX2lkXCI6XCJmMTM0NWNkMTY2NDM3MzFjNWJkNDQ0Njc3Yjk1ZTg3ZVwiLFwidXJsXCI6XCI0NThhOTU4NTNhN2JhOTg3ZjQzNDc3MjE3MmI4NzVmNVwiLFwic3RhdGVfdGltZXN0YW1wXCI6XCJkYTM5MmY5MmJkZmM1YWZmN2Q3YzhkZWRhY2RlY2YxZVwifSIsImM5YWY1NmNhMWVhYjdmZDA5OGZlMTJiNzA5YTY2ZDEzIiwxNzg4NzAxNzc2XQ==' \/>\n            <input type='hidden' autocomplete='off' class='gform_hidden' name='gform_target_page_number_9' id='gform_target_page_number_9' value='0' \/>\n            <input type='hidden' autocomplete='off' class='gform_hidden' name='gform_source_page_number_9' id='gform_source_page_number_9' value='1' \/>\n            <input type='hidden' name='gform_field_values' value='' \/>\n            \n        <\/div>\n                        <\/form>\n                        <\/div>[\/vc_column][\/vc_row]\n<\/div>","protected":false},"excerpt":{"rendered":"[vc_row][vc_column][vc_column_text]\u00bfSab\u00edas que el uso correcto de los colores puede tener un impacto en tus ventas? La raz\u00f3n de esto son los patrones psicol\u00f3gicos de color que puedes aprovechar. Nuestros expertos en dise\u00f1o te dar\u00e1n valiosos consejos sobre la combinaci\u00f3n correcta de colores y te mostrar\u00e1n c\u00f3mo utilizarlos para tu empresa, tus productos y tu tienda<\/p>\n","protected":false},"author":1,"featured_media":3323,"comment_status":"closed","ping_status":"open","sticky":false,"template":"","format":"standard","meta":{"_bbp_topic_count":0,"_bbp_reply_count":0,"_bbp_total_topic_count":0,"_bbp_total_reply_count":0,"_bbp_voice_count":0,"_bbp_anonymous_reply_count":0,"_bbp_topic_count_hidden":0,"_bbp_reply_count_hidden":0,"_bbp_forum_subforum_count":0,"content-type":"","footnotes":""},"categories":[14,12],"tags":[],"class_list":["post-3320","post","type-post","status-publish","format-standard","has-post-thumbnail","hentry","category-comercio-online","category-marketing-visual"],"yoast_head":"<!-- This site is optimized with the Yoast SEO Premium plugin v19.2.1 (Yoast SEO v28.4) - https:\/\/yoast.com\/product\/yoast-seo-premium-wordpress\/ -->\n<title>Psicolog\u00eda del color en el comercio electr\u00f3nico - INNOVACION COMERCIO<\/title>\n<meta name=\"robots\" content=\"index, follow, max-snippet:-1, max-image-preview:large, max-video-preview:-1\" \/>\n<link rel=\"canonical\" href=\"https:\/\/innovacioncomercio.org\/index.php\/2023\/04\/01\/psicologia-del-color-en-el-comercio-electronico\/\" \/>\n<meta property=\"og:locale\" content=\"es_ES\" \/>\n<meta property=\"og:type\" content=\"article\" \/>\n<meta property=\"og:title\" content=\"Psicolog\u00eda del color en el comercio electr\u00f3nico\" \/>\n<meta property=\"og:description\" content=\"[vc_row][vc_column][vc_column_text]\u00bfSab\u00edas que el uso correcto de los colores puede tener un impacto en tus ventas? La raz\u00f3n de esto son los patrones psicol\u00f3gicos de color que puedes aprovechar. Nuestros expertos en dise\u00f1o te dar\u00e1n valiosos consejos sobre la combinaci\u00f3n correcta de colores y te mostrar\u00e1n c\u00f3mo utilizarlos para tu empresa, tus productos y tu tienda\" \/>\n<meta property=\"og:url\" content=\"https:\/\/innovacioncomercio.org\/index.php\/2023\/04\/01\/psicologia-del-color-en-el-comercio-electronico\/\" \/>\n<meta property=\"og:site_name\" content=\"INNOVACION COMERCIO\" \/>\n<meta property=\"article:published_time\" content=\"2023-04-01T05:15:05+00:00\" \/>\n<meta property=\"og:image\" content=\"https:\/\/innovacioncomercio.org\/wp-content\/uploads\/2023\/03\/paleta-de-color-en-el-comercio-electronico.jpg\" \/>\n\t<meta property=\"og:image:width\" content=\"800\" \/>\n\t<meta property=\"og:image:height\" content=\"600\" \/>\n\t<meta property=\"og:image:type\" content=\"image\/jpeg\" \/>\n<meta name=\"author\" content=\"admin@innovacioncomercio.org\" \/>\n<meta name=\"twitter:card\" content=\"summary_large_image\" \/>\n<meta name=\"twitter:label1\" content=\"Escrito por\" \/>\n\t<meta name=\"twitter:data1\" content=\"admin@innovacioncomercio.org\" \/>\n\t<meta name=\"twitter:label2\" content=\"Tiempo de lectura\" \/>\n\t<meta name=\"twitter:data2\" content=\"2 minutos\" \/>\n<script type=\"application\/ld+json\" class=\"yoast-schema-graph\">{\"@context\":\"https:\\\/\\\/schema.org\",\"@graph\":[{\"@type\":\"Article\",\"@id\":\"https:\\\/\\\/innovacioncomercio.org\\\/index.php\\\/2023\\\/04\\\/01\\\/psicologia-del-color-en-el-comercio-electronico\\\/#article\",\"isPartOf\":{\"@id\":\"https:\\\/\\\/innovacioncomercio.org\\\/index.php\\\/2023\\\/04\\\/01\\\/psicologia-del-color-en-el-comercio-electronico\\\/\"},\"author\":{\"name\":\"admin@innovacioncomercio.org\",\"@id\":\"https:\\\/\\\/innovacioncomercio.org\\\/#\\\/schema\\\/person\\\/6d92bb28a9c893f0f2be4434f32f554b\"},\"headline\":\"Psicolog\u00eda del color en el comercio electr\u00f3nico\",\"datePublished\":\"2023-04-01T05:15:05+00:00\",\"mainEntityOfPage\":{\"@id\":\"https:\\\/\\\/innovacioncomercio.org\\\/index.php\\\/2023\\\/04\\\/01\\\/psicologia-del-color-en-el-comercio-electronico\\\/\"},\"wordCount\":458,\"image\":{\"@id\":\"https:\\\/\\\/innovacioncomercio.org\\\/index.php\\\/2023\\\/04\\\/01\\\/psicologia-del-color-en-el-comercio-electronico\\\/#primaryimage\"},\"thumbnailUrl\":\"https:\\\/\\\/innovacioncomercio.org\\\/wp-content\\\/uploads\\\/2023\\\/03\\\/paleta-de-color-en-el-comercio-electronico.jpg\",\"articleSection\":[\"Comercio online\",\"Marketing Visual\"],\"inLanguage\":\"es\"},{\"@type\":\"WebPage\",\"@id\":\"https:\\\/\\\/innovacioncomercio.org\\\/index.php\\\/2023\\\/04\\\/01\\\/psicologia-del-color-en-el-comercio-electronico\\\/\",\"url\":\"https:\\\/\\\/innovacioncomercio.org\\\/index.php\\\/2023\\\/04\\\/01\\\/psicologia-del-color-en-el-comercio-electronico\\\/\",\"name\":\"Psicolog\u00eda del color en el comercio electr\u00f3nico - INNOVACION COMERCIO\",\"isPartOf\":{\"@id\":\"https:\\\/\\\/innovacioncomercio.org\\\/#website\"},\"primaryImageOfPage\":{\"@id\":\"https:\\\/\\\/innovacioncomercio.org\\\/index.php\\\/2023\\\/04\\\/01\\\/psicologia-del-color-en-el-comercio-electronico\\\/#primaryimage\"},\"image\":{\"@id\":\"https:\\\/\\\/innovacioncomercio.org\\\/index.php\\\/2023\\\/04\\\/01\\\/psicologia-del-color-en-el-comercio-electronico\\\/#primaryimage\"},\"thumbnailUrl\":\"https:\\\/\\\/innovacioncomercio.org\\\/wp-content\\\/uploads\\\/2023\\\/03\\\/paleta-de-color-en-el-comercio-electronico.jpg\",\"datePublished\":\"2023-04-01T05:15:05+00:00\",\"author\":{\"@id\":\"https:\\\/\\\/innovacioncomercio.org\\\/#\\\/schema\\\/person\\\/6d92bb28a9c893f0f2be4434f32f554b\"},\"breadcrumb\":{\"@id\":\"https:\\\/\\\/innovacioncomercio.org\\\/index.php\\\/2023\\\/04\\\/01\\\/psicologia-del-color-en-el-comercio-electronico\\\/#breadcrumb\"},\"inLanguage\":\"es\",\"potentialAction\":[{\"@type\":\"ReadAction\",\"target\":[\"https:\\\/\\\/innovacioncomercio.org\\\/index.php\\\/2023\\\/04\\\/01\\\/psicologia-del-color-en-el-comercio-electronico\\\/\"]}]},{\"@type\":\"ImageObject\",\"inLanguage\":\"es\",\"@id\":\"https:\\\/\\\/innovacioncomercio.org\\\/index.php\\\/2023\\\/04\\\/01\\\/psicologia-del-color-en-el-comercio-electronico\\\/#primaryimage\",\"url\":\"https:\\\/\\\/innovacioncomercio.org\\\/wp-content\\\/uploads\\\/2023\\\/03\\\/paleta-de-color-en-el-comercio-electronico.jpg\",\"contentUrl\":\"https:\\\/\\\/innovacioncomercio.org\\\/wp-content\\\/uploads\\\/2023\\\/03\\\/paleta-de-color-en-el-comercio-electronico.jpg\",\"width\":800,\"height\":600},{\"@type\":\"BreadcrumbList\",\"@id\":\"https:\\\/\\\/innovacioncomercio.org\\\/index.php\\\/2023\\\/04\\\/01\\\/psicologia-del-color-en-el-comercio-electronico\\\/#breadcrumb\",\"itemListElement\":[{\"@type\":\"ListItem\",\"position\":1,\"name\":\"Portada\",\"item\":\"https:\\\/\\\/innovacioncomercio.org\\\/\"},{\"@type\":\"ListItem\",\"position\":2,\"name\":\"Psicolog\u00eda del color en el comercio electr\u00f3nico\"}]},{\"@type\":\"WebSite\",\"@id\":\"https:\\\/\\\/innovacioncomercio.org\\\/#website\",\"url\":\"https:\\\/\\\/innovacioncomercio.org\\\/\",\"name\":\"INNOVACION COMERCIO\",\"description\":\"C\u00e1tedra de Innovaci\u00f3n para el Comercio\",\"potentialAction\":[{\"@type\":\"SearchAction\",\"target\":{\"@type\":\"EntryPoint\",\"urlTemplate\":\"https:\\\/\\\/innovacioncomercio.org\\\/?s={search_term_string}\"},\"query-input\":{\"@type\":\"PropertyValueSpecification\",\"valueRequired\":true,\"valueName\":\"search_term_string\"}}],\"inLanguage\":\"es\"},{\"@type\":\"Person\",\"@id\":\"https:\\\/\\\/innovacioncomercio.org\\\/#\\\/schema\\\/person\\\/6d92bb28a9c893f0f2be4434f32f554b\",\"name\":\"admin@innovacioncomercio.org\",\"image\":{\"@type\":\"ImageObject\",\"inLanguage\":\"es\",\"@id\":\"https:\\\/\\\/secure.gravatar.com\\\/avatar\\\/26d81e70e64bedc5c9682c4fec4cffa792c7433b66299bcf38ed578f850156b7?s=96&d=mm&r=g\",\"url\":\"https:\\\/\\\/secure.gravatar.com\\\/avatar\\\/26d81e70e64bedc5c9682c4fec4cffa792c7433b66299bcf38ed578f850156b7?s=96&d=mm&r=g\",\"contentUrl\":\"https:\\\/\\\/secure.gravatar.com\\\/avatar\\\/26d81e70e64bedc5c9682c4fec4cffa792c7433b66299bcf38ed578f850156b7?s=96&d=mm&r=g\",\"caption\":\"admin@innovacioncomercio.org\"},\"sameAs\":[\"http:\\\/\\\/innovacioncomercio.org\"],\"url\":\"https:\\\/\\\/innovacioncomercio.org\\\/index.php\\\/author\\\/admininnovacioncomercio-org\\\/\"}]}<\/script>\n<!-- \/ Yoast SEO Premium plugin. -->","yoast_head_json":{"title":"Psicolog\u00eda del color en el comercio electr\u00f3nico - INNOVACION COMERCIO","robots":{"index":"index","follow":"follow","max-snippet":"max-snippet:-1","max-image-preview":"max-image-preview:large","max-video-preview":"max-video-preview:-1"},"canonical":"https:\/\/innovacioncomercio.org\/index.php\/2023\/04\/01\/psicologia-del-color-en-el-comercio-electronico\/","og_locale":"es_ES","og_type":"article","og_title":"Psicolog\u00eda del color en el comercio electr\u00f3nico","og_description":"[vc_row][vc_column][vc_column_text]\u00bfSab\u00edas que el uso correcto de los colores puede tener un impacto en tus ventas? La raz\u00f3n de esto son los patrones psicol\u00f3gicos de color que puedes aprovechar. Nuestros expertos en dise\u00f1o te dar\u00e1n valiosos consejos sobre la combinaci\u00f3n correcta de colores y te mostrar\u00e1n c\u00f3mo utilizarlos para tu empresa, tus productos y tu tienda","og_url":"https:\/\/innovacioncomercio.org\/index.php\/2023\/04\/01\/psicologia-del-color-en-el-comercio-electronico\/","og_site_name":"INNOVACION COMERCIO","article_published_time":"2023-04-01T05:15:05+00:00","og_image":[{"width":800,"height":600,"url":"https:\/\/innovacioncomercio.org\/wp-content\/uploads\/2023\/03\/paleta-de-color-en-el-comercio-electronico.jpg","type":"image\/jpeg"}],"author":"admin@innovacioncomercio.org","twitter_card":"summary_large_image","twitter_misc":{"Escrito por":"admin@innovacioncomercio.org","Tiempo de lectura":"2 minutos"},"schema":{"@context":"https:\/\/schema.org","@graph":[{"@type":"Article","@id":"https:\/\/innovacioncomercio.org\/index.php\/2023\/04\/01\/psicologia-del-color-en-el-comercio-electronico\/#article","isPartOf":{"@id":"https:\/\/innovacioncomercio.org\/index.php\/2023\/04\/01\/psicologia-del-color-en-el-comercio-electronico\/"},"author":{"name":"admin@innovacioncomercio.org","@id":"https:\/\/innovacioncomercio.org\/#\/schema\/person\/6d92bb28a9c893f0f2be4434f32f554b"},"headline":"Psicolog\u00eda del color en el comercio electr\u00f3nico","datePublished":"2023-04-01T05:15:05+00:00","mainEntityOfPage":{"@id":"https:\/\/innovacioncomercio.org\/index.php\/2023\/04\/01\/psicologia-del-color-en-el-comercio-electronico\/"},"wordCount":458,"image":{"@id":"https:\/\/innovacioncomercio.org\/index.php\/2023\/04\/01\/psicologia-del-color-en-el-comercio-electronico\/#primaryimage"},"thumbnailUrl":"https:\/\/innovacioncomercio.org\/wp-content\/uploads\/2023\/03\/paleta-de-color-en-el-comercio-electronico.jpg","articleSection":["Comercio online","Marketing Visual"],"inLanguage":"es"},{"@type":"WebPage","@id":"https:\/\/innovacioncomercio.org\/index.php\/2023\/04\/01\/psicologia-del-color-en-el-comercio-electronico\/","url":"https:\/\/innovacioncomercio.org\/index.php\/2023\/04\/01\/psicologia-del-color-en-el-comercio-electronico\/","name":"Psicolog\u00eda del color en el comercio electr\u00f3nico - INNOVACION COMERCIO","isPartOf":{"@id":"https:\/\/innovacioncomercio.org\/#website"},"primaryImageOfPage":{"@id":"https:\/\/innovacioncomercio.org\/index.php\/2023\/04\/01\/psicologia-del-color-en-el-comercio-electronico\/#primaryimage"},"image":{"@id":"https:\/\/innovacioncomercio.org\/index.php\/2023\/04\/01\/psicologia-del-color-en-el-comercio-electronico\/#primaryimage"},"thumbnailUrl":"https:\/\/innovacioncomercio.org\/wp-content\/uploads\/2023\/03\/paleta-de-color-en-el-comercio-electronico.jpg","datePublished":"2023-04-01T05:15:05+00:00","author":{"@id":"https:\/\/innovacioncomercio.org\/#\/schema\/person\/6d92bb28a9c893f0f2be4434f32f554b"},"breadcrumb":{"@id":"https:\/\/innovacioncomercio.org\/index.php\/2023\/04\/01\/psicologia-del-color-en-el-comercio-electronico\/#breadcrumb"},"inLanguage":"es","potentialAction":[{"@type":"ReadAction","target":["https:\/\/innovacioncomercio.org\/index.php\/2023\/04\/01\/psicologia-del-color-en-el-comercio-electronico\/"]}]},{"@type":"ImageObject","inLanguage":"es","@id":"https:\/\/innovacioncomercio.org\/index.php\/2023\/04\/01\/psicologia-del-color-en-el-comercio-electronico\/#primaryimage","url":"https:\/\/innovacioncomercio.org\/wp-content\/uploads\/2023\/03\/paleta-de-color-en-el-comercio-electronico.jpg","contentUrl":"https:\/\/innovacioncomercio.org\/wp-content\/uploads\/2023\/03\/paleta-de-color-en-el-comercio-electronico.jpg","width":800,"height":600},{"@type":"BreadcrumbList","@id":"https:\/\/innovacioncomercio.org\/index.php\/2023\/04\/01\/psicologia-del-color-en-el-comercio-electronico\/#breadcrumb","itemListElement":[{"@type":"ListItem","position":1,"name":"Portada","item":"https:\/\/innovacioncomercio.org\/"},{"@type":"ListItem","position":2,"name":"Psicolog\u00eda del color en el comercio electr\u00f3nico"}]},{"@type":"WebSite","@id":"https:\/\/innovacioncomercio.org\/#website","url":"https:\/\/innovacioncomercio.org\/","name":"INNOVACION COMERCIO","description":"C\u00e1tedra de Innovaci\u00f3n para el Comercio","potentialAction":[{"@type":"SearchAction","target":{"@type":"EntryPoint","urlTemplate":"https:\/\/innovacioncomercio.org\/?s={search_term_string}"},"query-input":{"@type":"PropertyValueSpecification","valueRequired":true,"valueName":"search_term_string"}}],"inLanguage":"es"},{"@type":"Person","@id":"https:\/\/innovacioncomercio.org\/#\/schema\/person\/6d92bb28a9c893f0f2be4434f32f554b","name":"admin@innovacioncomercio.org","image":{"@type":"ImageObject","inLanguage":"es","@id":"https:\/\/secure.gravatar.com\/avatar\/26d81e70e64bedc5c9682c4fec4cffa792c7433b66299bcf38ed578f850156b7?s=96&d=mm&r=g","url":"https:\/\/secure.gravatar.com\/avatar\/26d81e70e64bedc5c9682c4fec4cffa792c7433b66299bcf38ed578f850156b7?s=96&d=mm&r=g","contentUrl":"https:\/\/secure.gravatar.com\/avatar\/26d81e70e64bedc5c9682c4fec4cffa792c7433b66299bcf38ed578f850156b7?s=96&d=mm&r=g","caption":"admin@innovacioncomercio.org"},"sameAs":["http:\/\/innovacioncomercio.org"],"url":"https:\/\/innovacioncomercio.org\/index.php\/author\/admininnovacioncomercio-org\/"}]}},"_links":{"self":[{"href":"https:\/\/innovacioncomercio.org\/index.php\/wp-json\/wp\/v2\/posts\/3320","targetHints":{"allow":["GET"]}}],"collection":[{"href":"https:\/\/innovacioncomercio.org\/index.php\/wp-json\/wp\/v2\/posts"}],"about":[{"href":"https:\/\/innovacioncomercio.org\/index.php\/wp-json\/wp\/v2\/types\/post"}],"author":[{"embeddable":true,"href":"https:\/\/innovacioncomercio.org\/index.php\/wp-json\/wp\/v2\/users\/1"}],"replies":[{"embeddable":true,"href":"https:\/\/innovacioncomercio.org\/index.php\/wp-json\/wp\/v2\/comments?post=3320"}],"version-history":[{"count":3,"href":"https:\/\/innovacioncomercio.org\/index.php\/wp-json\/wp\/v2\/posts\/3320\/revisions"}],"predecessor-version":[{"id":3325,"href":"https:\/\/innovacioncomercio.org\/index.php\/wp-json\/wp\/v2\/posts\/3320\/revisions\/3325"}],"wp:featuredmedia":[{"embeddable":true,"href":"https:\/\/innovacioncomercio.org\/index.php\/wp-json\/wp\/v2\/media\/3323"}],"wp:attachment":[{"href":"https:\/\/innovacioncomercio.org\/index.php\/wp-json\/wp\/v2\/media?parent=3320"}],"wp:term":[{"taxonomy":"category","embeddable":true,"href":"https:\/\/innovacioncomercio.org\/index.php\/wp-json\/wp\/v2\/categories?post=3320"},{"taxonomy":"post_tag","embeddable":true,"href":"https:\/\/innovacioncomercio.org\/index.php\/wp-json\/wp\/v2\/tags?post=3320"}],"curies":[{"name":"wp","href":"https:\/\/api.w.org\/{rel}","templated":true}]}}