{"id":3326,"date":"2023-04-01T05:20:05","date_gmt":"2023-04-01T05:20:05","guid":{"rendered":"https:\/\/innovacioncomercio.org\/?p=3326"},"modified":"2023-03-18T07:52:42","modified_gmt":"2023-03-18T07:52:42","slug":"ideas-de-decoracion-con-palets-para-tiendas-tendencias-ecochic","status":"publish","type":"post","link":"https:\/\/innovacioncomercio.org\/index.php\/2023\/04\/01\/ideas-de-decoracion-con-palets-para-tiendas-tendencias-ecochic\/","title":{"rendered":"Ideas de decoraci\u00f3n con palets para tiendas \u2013 tendencias \u201cecochic\u201d"},"content":{"rendered":"<div class=\"wpb-content-wrapper\">[vc_row][vc_column][vc_column_text]Seguimos buscando ideas de decoraci\u00f3n para el comercio que re\u00fanan todos estos requisitos:<\/p>\n<ul>\n<li>Personalizado<\/li>\n<li>Original<\/li>\n<li>Sostenible<\/li>\n<li>Econ\u00f3mico<\/li>\n<\/ul>\n<p><strong>Los palets son un recurso en decoraci\u00f3n<\/strong> que cumple todas estas caracter\u00edsticas adem\u00e1s de ofrecernos muchas posibilidades diferentes en su aplicaci\u00f3n.<br \/>\nSon ideales para crear mobiliarios, fondos, tarimas, expositores y dem\u00e1s elementos tanto para interior de tienda como para escaparates, showrooms, stands, pop up stores, soportes de carteler\u00eda\u2026<\/p>\n<p>Vamos a ver diferentes ideas de decoraci\u00f3n con palets para tiendas.[\/vc_column_text][vc_empty_space]<div id=\"mpc_grid_images-8569f388bdaa292\" class=\"mpc-grid-images mpc-init mpc-effect--grey-scale mpc-effect--reverse \"  data-grid-cols=\"4\"><div class=\"mpc-item\"><div onclick=\"\" class=\"mpc-grid__image mpc-transition\"><img loading=\"lazy\" decoding=\"async\" width=\"561\" height=\"633\" src=\"https:\/\/innovacioncomercio.org\/wp-content\/uploads\/2023\/03\/ideas-decoracion-palets-para-tiendas-ecochic-17.jpg\" class=\"mpc-transition attachment-large\" alt=\"\" title=\"ideas decoraci\u00f3n palets para tiendas - ecochic (17)\" srcset=\"https:\/\/innovacioncomercio.org\/wp-content\/uploads\/2023\/03\/ideas-decoracion-palets-para-tiendas-ecochic-17.jpg 561w, https:\/\/innovacioncomercio.org\/wp-content\/uploads\/2023\/03\/ideas-decoracion-palets-para-tiendas-ecochic-17-266x300.jpg 266w\" sizes=\"auto, (max-width: 561px) 100vw, 561px\" \/><\/div><\/div><div class=\"mpc-item\"><div onclick=\"\" class=\"mpc-grid__image mpc-transition\"><img loading=\"lazy\" decoding=\"async\" width=\"426\" height=\"640\" src=\"https:\/\/innovacioncomercio.org\/wp-content\/uploads\/2023\/03\/ideas-decoracion-palets-para-tiendas-ecochic-1.jpg\" class=\"mpc-transition attachment-large\" alt=\"\" title=\"ideas decoraci\u00f3n palets para tiendas - ecochic (1)\" srcset=\"https:\/\/innovacioncomercio.org\/wp-content\/uploads\/2023\/03\/ideas-decoracion-palets-para-tiendas-ecochic-1.jpg 426w, https:\/\/innovacioncomercio.org\/wp-content\/uploads\/2023\/03\/ideas-decoracion-palets-para-tiendas-ecochic-1-200x300.jpg 200w\" sizes=\"auto, (max-width: 426px) 100vw, 426px\" \/><\/div><\/div><div class=\"mpc-item\"><div onclick=\"\" class=\"mpc-grid__image mpc-transition\"><img loading=\"lazy\" decoding=\"async\" width=\"564\" height=\"376\" src=\"https:\/\/innovacioncomercio.org\/wp-content\/uploads\/2023\/03\/ideas-decoracion-palets-para-tiendas-ecochic-2.jpg\" class=\"mpc-transition attachment-large\" alt=\"\" title=\"ideas decoraci\u00f3n palets para tiendas - ecochic (2)\" srcset=\"https:\/\/innovacioncomercio.org\/wp-content\/uploads\/2023\/03\/ideas-decoracion-palets-para-tiendas-ecochic-2.jpg 564w, https:\/\/innovacioncomercio.org\/wp-content\/uploads\/2023\/03\/ideas-decoracion-palets-para-tiendas-ecochic-2-300x200.jpg 300w\" sizes=\"auto, (max-width: 564px) 100vw, 564px\" \/><\/div><\/div><div class=\"mpc-item\"><div onclick=\"\" class=\"mpc-grid__image mpc-transition\"><img loading=\"lazy\" decoding=\"async\" width=\"564\" height=\"423\" src=\"https:\/\/innovacioncomercio.org\/wp-content\/uploads\/2023\/03\/ideas-decoracion-palets-para-tiendas-ecochic-3.jpg\" class=\"mpc-transition attachment-large\" alt=\"\" title=\"ideas decoraci\u00f3n palets para tiendas - ecochic (3)\" srcset=\"https:\/\/innovacioncomercio.org\/wp-content\/uploads\/2023\/03\/ideas-decoracion-palets-para-tiendas-ecochic-3.jpg 564w, https:\/\/innovacioncomercio.org\/wp-content\/uploads\/2023\/03\/ideas-decoracion-palets-para-tiendas-ecochic-3-300x225.jpg 300w\" sizes=\"auto, (max-width: 564px) 100vw, 564px\" \/><\/div><\/div><div class=\"mpc-item\"><div onclick=\"\" class=\"mpc-grid__image mpc-transition\"><img loading=\"lazy\" decoding=\"async\" width=\"564\" height=\"673\" src=\"https:\/\/innovacioncomercio.org\/wp-content\/uploads\/2023\/03\/ideas-decoracion-palets-para-tiendas-ecochic-4.jpg\" class=\"mpc-transition attachment-large\" alt=\"\" title=\"ideas decoraci\u00f3n palets para tiendas - ecochic (4)\" srcset=\"https:\/\/innovacioncomercio.org\/wp-content\/uploads\/2023\/03\/ideas-decoracion-palets-para-tiendas-ecochic-4.jpg 564w, https:\/\/innovacioncomercio.org\/wp-content\/uploads\/2023\/03\/ideas-decoracion-palets-para-tiendas-ecochic-4-251x300.jpg 251w\" sizes=\"auto, (max-width: 564px) 100vw, 564px\" \/><\/div><\/div><div class=\"mpc-item\"><div onclick=\"\" class=\"mpc-grid__image mpc-transition\"><img loading=\"lazy\" decoding=\"async\" width=\"563\" height=\"751\" src=\"https:\/\/innovacioncomercio.org\/wp-content\/uploads\/2023\/03\/ideas-decoracion-palets-para-tiendas-ecochic-5.jpg\" class=\"mpc-transition attachment-large\" alt=\"\" title=\"ideas decoraci\u00f3n palets para tiendas - ecochic (5)\" srcset=\"https:\/\/innovacioncomercio.org\/wp-content\/uploads\/2023\/03\/ideas-decoracion-palets-para-tiendas-ecochic-5.jpg 563w, https:\/\/innovacioncomercio.org\/wp-content\/uploads\/2023\/03\/ideas-decoracion-palets-para-tiendas-ecochic-5-225x300.jpg 225w\" sizes=\"auto, (max-width: 563px) 100vw, 563px\" \/><\/div><\/div><div class=\"mpc-item\"><div onclick=\"\" class=\"mpc-grid__image mpc-transition\"><img loading=\"lazy\" decoding=\"async\" width=\"564\" height=\"767\" src=\"https:\/\/innovacioncomercio.org\/wp-content\/uploads\/2023\/03\/ideas-decoracion-palets-para-tiendas-ecochic-6.jpg\" class=\"mpc-transition attachment-large\" alt=\"\" title=\"ideas decoraci\u00f3n palets para tiendas - ecochic (6)\" srcset=\"https:\/\/innovacioncomercio.org\/wp-content\/uploads\/2023\/03\/ideas-decoracion-palets-para-tiendas-ecochic-6.jpg 564w, https:\/\/innovacioncomercio.org\/wp-content\/uploads\/2023\/03\/ideas-decoracion-palets-para-tiendas-ecochic-6-221x300.jpg 221w\" sizes=\"auto, (max-width: 564px) 100vw, 564px\" \/><\/div><\/div><div class=\"mpc-item\"><div onclick=\"\" class=\"mpc-grid__image mpc-transition\"><img loading=\"lazy\" decoding=\"async\" width=\"350\" height=\"262\" src=\"https:\/\/innovacioncomercio.org\/wp-content\/uploads\/2023\/03\/ideas-decoracion-palets-para-tiendas-ecochic-7.jpg\" class=\"mpc-transition attachment-large\" alt=\"\" title=\"ideas decoraci\u00f3n palets para tiendas - ecochic (7)\" srcset=\"https:\/\/innovacioncomercio.org\/wp-content\/uploads\/2023\/03\/ideas-decoracion-palets-para-tiendas-ecochic-7.jpg 350w, https:\/\/innovacioncomercio.org\/wp-content\/uploads\/2023\/03\/ideas-decoracion-palets-para-tiendas-ecochic-7-300x225.jpg 300w\" sizes=\"auto, (max-width: 350px) 100vw, 350px\" \/><\/div><\/div><div class=\"mpc-item\"><div onclick=\"\" class=\"mpc-grid__image mpc-transition\"><img loading=\"lazy\" decoding=\"async\" width=\"564\" height=\"376\" src=\"https:\/\/innovacioncomercio.org\/wp-content\/uploads\/2023\/03\/ideas-decoracion-palets-para-tiendas-ecochic-8.jpg\" class=\"mpc-transition attachment-large\" alt=\"\" title=\"ideas decoraci\u00f3n palets para tiendas - ecochic (8)\" srcset=\"https:\/\/innovacioncomercio.org\/wp-content\/uploads\/2023\/03\/ideas-decoracion-palets-para-tiendas-ecochic-8.jpg 564w, https:\/\/innovacioncomercio.org\/wp-content\/uploads\/2023\/03\/ideas-decoracion-palets-para-tiendas-ecochic-8-300x200.jpg 300w\" sizes=\"auto, (max-width: 564px) 100vw, 564px\" \/><\/div><\/div><div class=\"mpc-item\"><div onclick=\"\" class=\"mpc-grid__image mpc-transition\"><img loading=\"lazy\" decoding=\"async\" width=\"564\" height=\"751\" src=\"https:\/\/innovacioncomercio.org\/wp-content\/uploads\/2023\/03\/ideas-decoracion-palets-para-tiendas-ecochic-9.jpg\" class=\"mpc-transition attachment-large\" alt=\"\" title=\"ideas decoraci\u00f3n palets para tiendas - ecochic (9)\" srcset=\"https:\/\/innovacioncomercio.org\/wp-content\/uploads\/2023\/03\/ideas-decoracion-palets-para-tiendas-ecochic-9.jpg 564w, https:\/\/innovacioncomercio.org\/wp-content\/uploads\/2023\/03\/ideas-decoracion-palets-para-tiendas-ecochic-9-225x300.jpg 225w\" sizes=\"auto, (max-width: 564px) 100vw, 564px\" \/><\/div><\/div><div class=\"mpc-item\"><div onclick=\"\" class=\"mpc-grid__image mpc-transition\"><img loading=\"lazy\" decoding=\"async\" width=\"564\" height=\"564\" src=\"https:\/\/innovacioncomercio.org\/wp-content\/uploads\/2023\/03\/ideas-decoracion-palets-para-tiendas-ecochic-10.jpg\" class=\"mpc-transition attachment-large\" alt=\"\" title=\"ideas decoraci\u00f3n palets para tiendas - ecochic (10)\" srcset=\"https:\/\/innovacioncomercio.org\/wp-content\/uploads\/2023\/03\/ideas-decoracion-palets-para-tiendas-ecochic-10.jpg 564w, https:\/\/innovacioncomercio.org\/wp-content\/uploads\/2023\/03\/ideas-decoracion-palets-para-tiendas-ecochic-10-300x300.jpg 300w, https:\/\/innovacioncomercio.org\/wp-content\/uploads\/2023\/03\/ideas-decoracion-palets-para-tiendas-ecochic-10-150x150.jpg 150w\" sizes=\"auto, (max-width: 564px) 100vw, 564px\" \/><\/div><\/div><div class=\"mpc-item\"><div onclick=\"\" class=\"mpc-grid__image mpc-transition\"><img loading=\"lazy\" decoding=\"async\" width=\"564\" height=\"782\" src=\"https:\/\/innovacioncomercio.org\/wp-content\/uploads\/2023\/03\/ideas-decoracion-palets-para-tiendas-ecochic-11.jpg\" class=\"mpc-transition attachment-large\" alt=\"\" title=\"ideas decoraci\u00f3n palets para tiendas - ecochic (11)\" srcset=\"https:\/\/innovacioncomercio.org\/wp-content\/uploads\/2023\/03\/ideas-decoracion-palets-para-tiendas-ecochic-11.jpg 564w, https:\/\/innovacioncomercio.org\/wp-content\/uploads\/2023\/03\/ideas-decoracion-palets-para-tiendas-ecochic-11-216x300.jpg 216w\" sizes=\"auto, (max-width: 564px) 100vw, 564px\" \/><\/div><\/div><div class=\"mpc-item\"><div onclick=\"\" class=\"mpc-grid__image mpc-transition\"><img loading=\"lazy\" decoding=\"async\" width=\"564\" height=\"564\" src=\"https:\/\/innovacioncomercio.org\/wp-content\/uploads\/2023\/03\/ideas-decoracion-palets-para-tiendas-ecochic-12.jpg\" class=\"mpc-transition attachment-large\" alt=\"\" title=\"ideas decoraci\u00f3n palets para tiendas - ecochic (12)\" srcset=\"https:\/\/innovacioncomercio.org\/wp-content\/uploads\/2023\/03\/ideas-decoracion-palets-para-tiendas-ecochic-12.jpg 564w, https:\/\/innovacioncomercio.org\/wp-content\/uploads\/2023\/03\/ideas-decoracion-palets-para-tiendas-ecochic-12-300x300.jpg 300w, https:\/\/innovacioncomercio.org\/wp-content\/uploads\/2023\/03\/ideas-decoracion-palets-para-tiendas-ecochic-12-150x150.jpg 150w\" sizes=\"auto, (max-width: 564px) 100vw, 564px\" \/><\/div><\/div><div class=\"mpc-item\"><div onclick=\"\" class=\"mpc-grid__image mpc-transition\"><img loading=\"lazy\" decoding=\"async\" width=\"564\" height=\"752\" src=\"https:\/\/innovacioncomercio.org\/wp-content\/uploads\/2023\/03\/ideas-decoracion-palets-para-tiendas-ecochic-13.jpg\" class=\"mpc-transition attachment-large\" alt=\"\" title=\"ideas decoraci\u00f3n palets para tiendas - ecochic (13)\" srcset=\"https:\/\/innovacioncomercio.org\/wp-content\/uploads\/2023\/03\/ideas-decoracion-palets-para-tiendas-ecochic-13.jpg 564w, https:\/\/innovacioncomercio.org\/wp-content\/uploads\/2023\/03\/ideas-decoracion-palets-para-tiendas-ecochic-13-225x300.jpg 225w\" sizes=\"auto, (max-width: 564px) 100vw, 564px\" \/><\/div><\/div><div class=\"mpc-item\"><div onclick=\"\" class=\"mpc-grid__image mpc-transition\"><img loading=\"lazy\" decoding=\"async\" width=\"322\" height=\"400\" src=\"https:\/\/innovacioncomercio.org\/wp-content\/uploads\/2023\/03\/ideas-decoracion-palets-para-tiendas-ecochic-14.jpg\" class=\"mpc-transition attachment-large\" alt=\"\" title=\"ideas decoraci\u00f3n palets para tiendas - ecochic (14)\" srcset=\"https:\/\/innovacioncomercio.org\/wp-content\/uploads\/2023\/03\/ideas-decoracion-palets-para-tiendas-ecochic-14.jpg 322w, https:\/\/innovacioncomercio.org\/wp-content\/uploads\/2023\/03\/ideas-decoracion-palets-para-tiendas-ecochic-14-242x300.jpg 242w\" sizes=\"auto, (max-width: 322px) 100vw, 322px\" \/><\/div><\/div><div class=\"mpc-item\"><div onclick=\"\" class=\"mpc-grid__image mpc-transition\"><img loading=\"lazy\" decoding=\"async\" width=\"400\" height=\"523\" src=\"https:\/\/innovacioncomercio.org\/wp-content\/uploads\/2023\/03\/ideas-decoracion-palets-para-tiendas-ecochic-15.jpg\" class=\"mpc-transition attachment-large\" alt=\"\" title=\"ideas decoraci\u00f3n palets para tiendas - ecochic (15)\" srcset=\"https:\/\/innovacioncomercio.org\/wp-content\/uploads\/2023\/03\/ideas-decoracion-palets-para-tiendas-ecochic-15.jpg 400w, https:\/\/innovacioncomercio.org\/wp-content\/uploads\/2023\/03\/ideas-decoracion-palets-para-tiendas-ecochic-15-229x300.jpg 229w\" sizes=\"auto, (max-width: 400px) 100vw, 400px\" \/><\/div><\/div><div class=\"mpc-item\"><div onclick=\"\" class=\"mpc-grid__image mpc-transition\"><img loading=\"lazy\" decoding=\"async\" width=\"564\" height=\"423\" src=\"https:\/\/innovacioncomercio.org\/wp-content\/uploads\/2023\/03\/ideas-decoracion-palets-para-tiendas-ecochic-16.jpg\" class=\"mpc-transition attachment-large\" alt=\"\" title=\"ideas decoraci\u00f3n palets para tiendas - ecochic (16)\" srcset=\"https:\/\/innovacioncomercio.org\/wp-content\/uploads\/2023\/03\/ideas-decoracion-palets-para-tiendas-ecochic-16.jpg 564w, https:\/\/innovacioncomercio.org\/wp-content\/uploads\/2023\/03\/ideas-decoracion-palets-para-tiendas-ecochic-16-300x225.jpg 300w\" sizes=\"auto, (max-width: 564px) 100vw, 564px\" \/><\/div><\/div><\/div>[vc_row_inner][vc_column_inner][vc_column_text]Los artistas aprovechan la caracter\u00edstica autoadhesiva de los post-its para crear obras de arte. Muchas creaciones incorporan m\u00faltiples notas en una composici\u00f3n. Algunas composiciones utilizan varios tama\u00f1os, colores y formas de post-its para crear impresionantes obras de arte. Los artistas tambi\u00e9n han utilizado otros materiales como cinta adhesiva y papel para crear piezas similares. Esta versatilidad permite a los artistas transformar casi cualquier superficie en una pieza art\u00edstica.[\/vc_column_text][vc_column_text]Cosas a tener en cuenta para fabricar t\u00fa mismo decoraciones con palets:<\/p>\n<ol>\n<li><strong>Elige los palets adecuados<\/strong>: aseg\u00farate de que los palets est\u00e9n en buen estado y no tengan moho, insectos ni da\u00f1os estructurales antes de comenzar.<\/li>\n<li><strong>Limpia los palets<\/strong>:\u00a0utiliza una soluci\u00f3n de agua y jab\u00f3n para limpiar los palets antes de comenzar a trabajar en ellos.<\/li>\n<li><strong>Toma las medidas<\/strong>: antes de cortar las tablas de palet, toma las medidas de los muebles que deseas hacer, para asegurarte de tener las medidas correctas.<\/li>\n<li><strong>Necesitar\u00e1s herramientas<\/strong> como una sierra, un martillo, un destornillador y clavos.<\/li>\n<li><strong>Dise\u00f1a tu decoraci\u00f3n<\/strong>: antes de comenzar a construir, elabora un dise\u00f1o detallado de los muebles o expositores que deseas hacer.<\/li>\n<li><strong>Utiliza bisagras y ruedas<\/strong>\u00a0si es necesario: para una mayor movilidad y comodidad, puedes considerar agregar bisagras y ruedas.<\/li>\n<li><strong>Pinta o sella<\/strong>: despu\u00e9s de construir tus muebles con palets, puedes elegir pintarlos o sellarlos para protegerlos de la humedad y prolongar su vida \u00fatil.<\/li>\n<li><strong>Utiliza una lijadora<\/strong>: Para un acabado m\u00e1s liso puedes utilizar una lijadora antes de pintar o sellar tus muebles.<\/li>\n<li><strong>Personaliza tus muebles<\/strong>: agrega detalles personalizados como vinilos.<\/li>\n<li><strong>Se creativo<\/strong>: Los muebles con palets son una forma divertida y econ\u00f3mica de agregar un toque personal a tu negocio, no tengas miedo de ser creativo y experimentar con dise\u00f1os y estilos diferentes, pero siempre adaptado a la personalidad de tu marca.<\/li>\n<\/ol>\n[\/vc_column_text][vc_column_text]Insp\u00edrate en este v\u00eddeo, busca una buena idea y aplica sin miedo en tu espacio comercial, \u00a1la originalidad est\u00e1 servida![\/vc_column_text][\/vc_column_inner][\/vc_row_inner][\/vc_column][\/vc_row][vc_row][vc_column][vc_empty_space][vc_custom_heading text=&#8221;Ap\u00fantate a nuestra newsletter semanal.&#8221; google_fonts=&#8221;font_family:Montserrat%3Aregular%2C700|font_style:400%20regular%3A400%3Anormal&#8221;]\n                <div class='gf_browser_gecko gform_wrapper' id='gform_wrapper_9' ><form method='post' enctype='multipart\/form-data'  id='gform_9'  action='\/index.php\/wp-json\/wp\/v2\/posts\/3326'> \r\n <input type='hidden' class='gforms-pum' value='{\"closepopup\":false,\"closedelay\":0,\"openpopup\":false,\"openpopup_id\":0}' \/>\n                        <div class='gform_body'><ul id='gform_fields_9' class='gform_fields top_label form_sublabel_below description_below'><li id='field_9_1'  class='gfield field_sublabel_below field_description_below gfield_visibility_visible' ><label class='gfield_label gfield_label_before_complex'  >Nombre<\/label><div class='ginput_complex ginput_container no_prefix has_first_name no_middle_name has_last_name no_suffix gf_name_has_2 ginput_container_name' id='input_9_1'>\n                            \n                            <span id='input_9_1_3_container' class='name_first' >\n                                                    <input type='text' name='input_1.3' id='input_9_1_3' value='' aria-label='Nombre'    aria-invalid=\"false\" \/>\n                                                    <label for='input_9_1_3' >Nombre<\/label>\n                                                <\/span>\n                            \n                            <span id='input_9_1_6_container' class='name_last' >\n                                                    <input type='text' name='input_1.6' id='input_9_1_6' value='' aria-label='Apellidos'    aria-invalid=\"false\" \/>\n                                                    <label for='input_9_1_6' >Apellidos<\/label>\n                                                <\/span>\n                            \n                        <\/div><\/li><li id='field_9_2'  class='gfield gf_left_half field_sublabel_below field_description_below gfield_visibility_visible' ><label class='gfield_label' for='input_9_2' >Nombre del establecimiento<\/label><div class='ginput_container ginput_container_text'><input name='input_2' id='input_9_2' type='text' value='' class='medium'      aria-invalid=\"false\" \/><\/div><\/li><li id='field_9_7'  class='gfield gf_right_half field_sublabel_below field_description_below gfield_visibility_visible' ><label class='gfield_label' for='input_9_7' >Poblaci\u00f3n<\/label><div class='ginput_container ginput_container_text'><input name='input_7' id='input_9_7' type='text' value='' class='medium'      aria-invalid=\"false\" \/><\/div><\/li><li id='field_9_5'  class='gfield gf_middle_third field_sublabel_below field_description_below gfield_visibility_visible' ><label class='gfield_label' for='input_9_5' >Email<\/label><div class='ginput_container ginput_container_email'>\n                            <input name='input_5' id='input_9_5' type='text' value='' class='medium'     aria-invalid=\"false\" \/>\n                        <\/div><\/li><li id='field_9_6'  class='gfield gfield_contains_required field_sublabel_below field_description_below gfield_visibility_visible' ><label class='gfield_label'  >Informaci\u00f3n de protecci\u00f3n de datos<span class='gfield_required'>*<\/span><\/label><div class='ginput_container ginput_container_checkbox'><ul class='gfield_checkbox' id='input_9_6'><li class='gchoice_9_6_1'>\n\t\t\t\t\t\t\t\t<input name='input_6.1' type='checkbox'  value='Acepto y consiento el tratamiento de mis datos personales &lt;a href=&quot;https:\/\/innovacioncomercio.org\/index.php\/advertencias-legales-y-politica-de-privacidad\/&quot;&gt;&lt;u&gt;(Aviso legal y politicas de privacidad y protecci\u00f3n de datos)&lt;\/u&gt;&lt;\/a&gt;.'  id='choice_9_6_1'   \/>\n\t\t\t\t\t\t\t\t<label for='choice_9_6_1' id='label_9_6_1'>Acepto y consiento el tratamiento de mis datos personales <a href=\"https:\/\/innovacioncomercio.org\/index.php\/advertencias-legales-y-politica-de-privacidad\/\"><u>(Aviso legal y politicas de privacidad y protecci\u00f3n de datos)<\/u><\/a>.<\/label>\n\t\t\t\t\t\t\t<\/li><\/ul><\/div><\/li><li id='field_9_8'  class='gfield field_sublabel_below field_description_below gfield_visibility_visible' ><label class='gfield_label' for='input_9_8' >CAPTCHA<\/label><div id='input_9_8' class='ginput_container ginput_recaptcha' data-sitekey='6LdrEQ4pAAAAANeWXEIdVNH_86d76S-Xi3lhFfKK'  data-theme='light' data-tabindex='0'  data-badge=''><\/div><\/li>\n                            <\/ul><\/div>\n        <div class='gform_footer top_label'> <input type='submit' id='gform_submit_button_9' class='gform_button button' value='Enviar'  onclick='if(window[\"gf_submitting_9\"]){return false;}  window[\"gf_submitting_9\"]=true;  ' onkeypress='if( event.keyCode == 13 ){ if(window[\"gf_submitting_9\"]){return false;} window[\"gf_submitting_9\"]=true;  jQuery(\"#gform_9\").trigger(\"submit\",[true]); }' \/> \n            <input type='hidden' class='gform_hidden' name='is_submit_9' value='1' \/>\n            <input type='hidden' class='gform_hidden' name='gform_submit' value='9' \/>\n            \n            <input type='hidden' class='gform_hidden' name='gform_unique_id' value='' \/>\n            <input type='hidden' class='gform_hidden' name='state_9' value='WyJbXSIsImJmMjUyNjhlNzlhMmFhNmU1MjRhZTZiMDRiNWE3NTBlIl0=' \/>\n            <input type='hidden' class='gform_hidden' name='gform_target_page_number_9' id='gform_target_page_number_9' value='0' \/>\n            <input type='hidden' class='gform_hidden' name='gform_source_page_number_9' id='gform_source_page_number_9' value='1' \/>\n            <input type='hidden' name='gform_field_values' value='' \/>\n            \n        <\/div>\n                        <\/form>\n                        <\/div><script type='text\/javascript'> jQuery(document).bind('gform_post_render', function(event, formId, currentPage){if(formId == 9) {} } );jQuery(document).bind('gform_post_conditional_logic', function(event, formId, fields, isInit){} );<\/script><script type='text\/javascript'> jQuery(document).ready(function(){jQuery(document).trigger('gform_post_render', [9, 1]) } ); <\/script>[\/vc_column][\/vc_row]\n<\/div>","protected":false},"excerpt":{"rendered":"[vc_row][vc_column][vc_column_text]Seguimos buscando ideas de decoraci\u00f3n para el comercio que re\u00fanan todos estos requisitos: Personalizado Original Sostenible Econ\u00f3mico Los palets son un recurso en decoraci\u00f3n que cumple todas estas caracter\u00edsticas adem\u00e1s de ofrecernos muchas posibilidades diferentes en su aplicaci\u00f3n. Son ideales para crear mobiliarios, fondos, tarimas, expositores y dem\u00e1s elementos tanto para interior de tienda como<\/p>\n","protected":false},"author":1,"featured_media":3340,"comment_status":"closed","ping_status":"open","sticky":false,"template":"","format":"standard","meta":{"_bbp_topic_count":0,"_bbp_reply_count":0,"_bbp_total_topic_count":0,"_bbp_total_reply_count":0,"_bbp_voice_count":0,"_bbp_anonymous_reply_count":0,"_bbp_topic_count_hidden":0,"_bbp_reply_count_hidden":0,"_bbp_forum_subforum_count":0,"content-type":"","footnotes":""},"categories":[13,19,12],"tags":[],"class_list":["post-3326","post","type-post","status-publish","format-standard","has-post-thumbnail","hentry","category-comercio-fisico","category-ideas-decoracion","category-marketing-visual"],"yoast_head":"<!-- This site is optimized with the Yoast SEO Premium plugin v19.2.1 (Yoast SEO v27.5) - https:\/\/yoast.com\/product\/yoast-seo-premium-wordpress\/ -->\n<title>Ideas de decoraci\u00f3n con palets para tiendas \u2013 tendencias \u201cecochic\u201d - INNOVACION COMERCIO<\/title>\n<meta name=\"robots\" content=\"index, follow, max-snippet:-1, max-image-preview:large, max-video-preview:-1\" \/>\n<link rel=\"canonical\" href=\"https:\/\/innovacioncomercio.org\/index.php\/2023\/04\/01\/ideas-de-decoracion-con-palets-para-tiendas-tendencias-ecochic\/\" \/>\n<meta property=\"og:locale\" content=\"es_ES\" \/>\n<meta property=\"og:type\" content=\"article\" \/>\n<meta property=\"og:title\" content=\"Ideas de decoraci\u00f3n con palets para tiendas \u2013 tendencias \u201cecochic\u201d\" \/>\n<meta property=\"og:description\" content=\"[vc_row][vc_column][vc_column_text]Seguimos buscando ideas de decoraci\u00f3n para el comercio que re\u00fanan todos estos requisitos: Personalizado Original Sostenible Econ\u00f3mico Los palets son un recurso en decoraci\u00f3n que cumple todas estas caracter\u00edsticas adem\u00e1s de ofrecernos muchas posibilidades diferentes en su aplicaci\u00f3n. Son ideales para crear mobiliarios, fondos, tarimas, expositores y dem\u00e1s elementos tanto para interior de tienda como\" \/>\n<meta property=\"og:url\" content=\"https:\/\/innovacioncomercio.org\/index.php\/2023\/04\/01\/ideas-de-decoracion-con-palets-para-tiendas-tendencias-ecochic\/\" \/>\n<meta property=\"og:site_name\" content=\"INNOVACION COMERCIO\" \/>\n<meta property=\"article:published_time\" content=\"2023-04-01T05:20:05+00:00\" \/>\n<meta property=\"og:image\" content=\"https:\/\/innovacioncomercio.org\/wp-content\/uploads\/2023\/03\/ideas-decoracion-palets-para-tiendas-ecochic-13.jpg\" \/>\n\t<meta property=\"og:image:width\" content=\"564\" \/>\n\t<meta property=\"og:image:height\" content=\"752\" \/>\n\t<meta property=\"og:image:type\" content=\"image\/jpeg\" \/>\n<meta name=\"author\" content=\"admin@innovacioncomercio.org\" \/>\n<meta name=\"twitter:card\" content=\"summary_large_image\" \/>\n<meta name=\"twitter:label1\" content=\"Escrito por\" \/>\n\t<meta name=\"twitter:data1\" content=\"admin@innovacioncomercio.org\" \/>\n\t<meta name=\"twitter:label2\" content=\"Tiempo de lectura\" \/>\n\t<meta name=\"twitter:data2\" content=\"2 minutos\" \/>\n<script type=\"application\/ld+json\" class=\"yoast-schema-graph\">{\"@context\":\"https:\\\/\\\/schema.org\",\"@graph\":[{\"@type\":\"Article\",\"@id\":\"https:\\\/\\\/innovacioncomercio.org\\\/index.php\\\/2023\\\/04\\\/01\\\/ideas-de-decoracion-con-palets-para-tiendas-tendencias-ecochic\\\/#article\",\"isPartOf\":{\"@id\":\"https:\\\/\\\/innovacioncomercio.org\\\/index.php\\\/2023\\\/04\\\/01\\\/ideas-de-decoracion-con-palets-para-tiendas-tendencias-ecochic\\\/\"},\"author\":{\"name\":\"admin@innovacioncomercio.org\",\"@id\":\"https:\\\/\\\/innovacioncomercio.org\\\/#\\\/schema\\\/person\\\/6d92bb28a9c893f0f2be4434f32f554b\"},\"headline\":\"Ideas de decoraci\u00f3n con palets para tiendas \u2013 tendencias \u201cecochic\u201d\",\"datePublished\":\"2023-04-01T05:20:05+00:00\",\"mainEntityOfPage\":{\"@id\":\"https:\\\/\\\/innovacioncomercio.org\\\/index.php\\\/2023\\\/04\\\/01\\\/ideas-de-decoracion-con-palets-para-tiendas-tendencias-ecochic\\\/\"},\"wordCount\":605,\"image\":{\"@id\":\"https:\\\/\\\/innovacioncomercio.org\\\/index.php\\\/2023\\\/04\\\/01\\\/ideas-de-decoracion-con-palets-para-tiendas-tendencias-ecochic\\\/#primaryimage\"},\"thumbnailUrl\":\"https:\\\/\\\/innovacioncomercio.org\\\/wp-content\\\/uploads\\\/2023\\\/03\\\/ideas-decoracion-palets-para-tiendas-ecochic-13.jpg\",\"articleSection\":[\"Comercio f\u00edsico\",\"Ideas decoraci\u00f3n\",\"Marketing Visual\"],\"inLanguage\":\"es\"},{\"@type\":\"WebPage\",\"@id\":\"https:\\\/\\\/innovacioncomercio.org\\\/index.php\\\/2023\\\/04\\\/01\\\/ideas-de-decoracion-con-palets-para-tiendas-tendencias-ecochic\\\/\",\"url\":\"https:\\\/\\\/innovacioncomercio.org\\\/index.php\\\/2023\\\/04\\\/01\\\/ideas-de-decoracion-con-palets-para-tiendas-tendencias-ecochic\\\/\",\"name\":\"Ideas de decoraci\u00f3n con palets para tiendas \u2013 tendencias \u201cecochic\u201d - INNOVACION COMERCIO\",\"isPartOf\":{\"@id\":\"https:\\\/\\\/innovacioncomercio.org\\\/#website\"},\"primaryImageOfPage\":{\"@id\":\"https:\\\/\\\/innovacioncomercio.org\\\/index.php\\\/2023\\\/04\\\/01\\\/ideas-de-decoracion-con-palets-para-tiendas-tendencias-ecochic\\\/#primaryimage\"},\"image\":{\"@id\":\"https:\\\/\\\/innovacioncomercio.org\\\/index.php\\\/2023\\\/04\\\/01\\\/ideas-de-decoracion-con-palets-para-tiendas-tendencias-ecochic\\\/#primaryimage\"},\"thumbnailUrl\":\"https:\\\/\\\/innovacioncomercio.org\\\/wp-content\\\/uploads\\\/2023\\\/03\\\/ideas-decoracion-palets-para-tiendas-ecochic-13.jpg\",\"datePublished\":\"2023-04-01T05:20:05+00:00\",\"author\":{\"@id\":\"https:\\\/\\\/innovacioncomercio.org\\\/#\\\/schema\\\/person\\\/6d92bb28a9c893f0f2be4434f32f554b\"},\"breadcrumb\":{\"@id\":\"https:\\\/\\\/innovacioncomercio.org\\\/index.php\\\/2023\\\/04\\\/01\\\/ideas-de-decoracion-con-palets-para-tiendas-tendencias-ecochic\\\/#breadcrumb\"},\"inLanguage\":\"es\",\"potentialAction\":[{\"@type\":\"ReadAction\",\"target\":[\"https:\\\/\\\/innovacioncomercio.org\\\/index.php\\\/2023\\\/04\\\/01\\\/ideas-de-decoracion-con-palets-para-tiendas-tendencias-ecochic\\\/\"]}]},{\"@type\":\"ImageObject\",\"inLanguage\":\"es\",\"@id\":\"https:\\\/\\\/innovacioncomercio.org\\\/index.php\\\/2023\\\/04\\\/01\\\/ideas-de-decoracion-con-palets-para-tiendas-tendencias-ecochic\\\/#primaryimage\",\"url\":\"https:\\\/\\\/innovacioncomercio.org\\\/wp-content\\\/uploads\\\/2023\\\/03\\\/ideas-decoracion-palets-para-tiendas-ecochic-13.jpg\",\"contentUrl\":\"https:\\\/\\\/innovacioncomercio.org\\\/wp-content\\\/uploads\\\/2023\\\/03\\\/ideas-decoracion-palets-para-tiendas-ecochic-13.jpg\",\"width\":564,\"height\":752},{\"@type\":\"BreadcrumbList\",\"@id\":\"https:\\\/\\\/innovacioncomercio.org\\\/index.php\\\/2023\\\/04\\\/01\\\/ideas-de-decoracion-con-palets-para-tiendas-tendencias-ecochic\\\/#breadcrumb\",\"itemListElement\":[{\"@type\":\"ListItem\",\"position\":1,\"name\":\"Portada\",\"item\":\"https:\\\/\\\/innovacioncomercio.org\\\/\"},{\"@type\":\"ListItem\",\"position\":2,\"name\":\"Ideas de decoraci\u00f3n con palets para tiendas \u2013 tendencias \u201cecochic\u201d\"}]},{\"@type\":\"WebSite\",\"@id\":\"https:\\\/\\\/innovacioncomercio.org\\\/#website\",\"url\":\"https:\\\/\\\/innovacioncomercio.org\\\/\",\"name\":\"INNOVACION COMERCIO\",\"description\":\"C\u00e1tedra de Innovaci\u00f3n para el Comercio\",\"potentialAction\":[{\"@type\":\"SearchAction\",\"target\":{\"@type\":\"EntryPoint\",\"urlTemplate\":\"https:\\\/\\\/innovacioncomercio.org\\\/?s={search_term_string}\"},\"query-input\":{\"@type\":\"PropertyValueSpecification\",\"valueRequired\":true,\"valueName\":\"search_term_string\"}}],\"inLanguage\":\"es\"},{\"@type\":\"Person\",\"@id\":\"https:\\\/\\\/innovacioncomercio.org\\\/#\\\/schema\\\/person\\\/6d92bb28a9c893f0f2be4434f32f554b\",\"name\":\"admin@innovacioncomercio.org\",\"image\":{\"@type\":\"ImageObject\",\"inLanguage\":\"es\",\"@id\":\"https:\\\/\\\/secure.gravatar.com\\\/avatar\\\/26d81e70e64bedc5c9682c4fec4cffa792c7433b66299bcf38ed578f850156b7?s=96&d=mm&r=g\",\"url\":\"https:\\\/\\\/secure.gravatar.com\\\/avatar\\\/26d81e70e64bedc5c9682c4fec4cffa792c7433b66299bcf38ed578f850156b7?s=96&d=mm&r=g\",\"contentUrl\":\"https:\\\/\\\/secure.gravatar.com\\\/avatar\\\/26d81e70e64bedc5c9682c4fec4cffa792c7433b66299bcf38ed578f850156b7?s=96&d=mm&r=g\",\"caption\":\"admin@innovacioncomercio.org\"},\"sameAs\":[\"http:\\\/\\\/innovacioncomercio.org\"],\"url\":\"https:\\\/\\\/innovacioncomercio.org\\\/index.php\\\/author\\\/admininnovacioncomercio-org\\\/\"}]}<\/script>\n<!-- \/ Yoast SEO Premium plugin. -->","yoast_head_json":{"title":"Ideas de decoraci\u00f3n con palets para tiendas \u2013 tendencias \u201cecochic\u201d - INNOVACION COMERCIO","robots":{"index":"index","follow":"follow","max-snippet":"max-snippet:-1","max-image-preview":"max-image-preview:large","max-video-preview":"max-video-preview:-1"},"canonical":"https:\/\/innovacioncomercio.org\/index.php\/2023\/04\/01\/ideas-de-decoracion-con-palets-para-tiendas-tendencias-ecochic\/","og_locale":"es_ES","og_type":"article","og_title":"Ideas de decoraci\u00f3n con palets para tiendas \u2013 tendencias \u201cecochic\u201d","og_description":"[vc_row][vc_column][vc_column_text]Seguimos buscando ideas de decoraci\u00f3n para el comercio que re\u00fanan todos estos requisitos: Personalizado Original Sostenible Econ\u00f3mico Los palets son un recurso en decoraci\u00f3n que cumple todas estas caracter\u00edsticas adem\u00e1s de ofrecernos muchas posibilidades diferentes en su aplicaci\u00f3n. Son ideales para crear mobiliarios, fondos, tarimas, expositores y dem\u00e1s elementos tanto para interior de tienda como","og_url":"https:\/\/innovacioncomercio.org\/index.php\/2023\/04\/01\/ideas-de-decoracion-con-palets-para-tiendas-tendencias-ecochic\/","og_site_name":"INNOVACION COMERCIO","article_published_time":"2023-04-01T05:20:05+00:00","og_image":[{"width":564,"height":752,"url":"https:\/\/innovacioncomercio.org\/wp-content\/uploads\/2023\/03\/ideas-decoracion-palets-para-tiendas-ecochic-13.jpg","type":"image\/jpeg"}],"author":"admin@innovacioncomercio.org","twitter_card":"summary_large_image","twitter_misc":{"Escrito por":"admin@innovacioncomercio.org","Tiempo de lectura":"2 minutos"},"schema":{"@context":"https:\/\/schema.org","@graph":[{"@type":"Article","@id":"https:\/\/innovacioncomercio.org\/index.php\/2023\/04\/01\/ideas-de-decoracion-con-palets-para-tiendas-tendencias-ecochic\/#article","isPartOf":{"@id":"https:\/\/innovacioncomercio.org\/index.php\/2023\/04\/01\/ideas-de-decoracion-con-palets-para-tiendas-tendencias-ecochic\/"},"author":{"name":"admin@innovacioncomercio.org","@id":"https:\/\/innovacioncomercio.org\/#\/schema\/person\/6d92bb28a9c893f0f2be4434f32f554b"},"headline":"Ideas de decoraci\u00f3n con palets para tiendas \u2013 tendencias \u201cecochic\u201d","datePublished":"2023-04-01T05:20:05+00:00","mainEntityOfPage":{"@id":"https:\/\/innovacioncomercio.org\/index.php\/2023\/04\/01\/ideas-de-decoracion-con-palets-para-tiendas-tendencias-ecochic\/"},"wordCount":605,"image":{"@id":"https:\/\/innovacioncomercio.org\/index.php\/2023\/04\/01\/ideas-de-decoracion-con-palets-para-tiendas-tendencias-ecochic\/#primaryimage"},"thumbnailUrl":"https:\/\/innovacioncomercio.org\/wp-content\/uploads\/2023\/03\/ideas-decoracion-palets-para-tiendas-ecochic-13.jpg","articleSection":["Comercio f\u00edsico","Ideas decoraci\u00f3n","Marketing Visual"],"inLanguage":"es"},{"@type":"WebPage","@id":"https:\/\/innovacioncomercio.org\/index.php\/2023\/04\/01\/ideas-de-decoracion-con-palets-para-tiendas-tendencias-ecochic\/","url":"https:\/\/innovacioncomercio.org\/index.php\/2023\/04\/01\/ideas-de-decoracion-con-palets-para-tiendas-tendencias-ecochic\/","name":"Ideas de decoraci\u00f3n con palets para tiendas \u2013 tendencias \u201cecochic\u201d - INNOVACION COMERCIO","isPartOf":{"@id":"https:\/\/innovacioncomercio.org\/#website"},"primaryImageOfPage":{"@id":"https:\/\/innovacioncomercio.org\/index.php\/2023\/04\/01\/ideas-de-decoracion-con-palets-para-tiendas-tendencias-ecochic\/#primaryimage"},"image":{"@id":"https:\/\/innovacioncomercio.org\/index.php\/2023\/04\/01\/ideas-de-decoracion-con-palets-para-tiendas-tendencias-ecochic\/#primaryimage"},"thumbnailUrl":"https:\/\/innovacioncomercio.org\/wp-content\/uploads\/2023\/03\/ideas-decoracion-palets-para-tiendas-ecochic-13.jpg","datePublished":"2023-04-01T05:20:05+00:00","author":{"@id":"https:\/\/innovacioncomercio.org\/#\/schema\/person\/6d92bb28a9c893f0f2be4434f32f554b"},"breadcrumb":{"@id":"https:\/\/innovacioncomercio.org\/index.php\/2023\/04\/01\/ideas-de-decoracion-con-palets-para-tiendas-tendencias-ecochic\/#breadcrumb"},"inLanguage":"es","potentialAction":[{"@type":"ReadAction","target":["https:\/\/innovacioncomercio.org\/index.php\/2023\/04\/01\/ideas-de-decoracion-con-palets-para-tiendas-tendencias-ecochic\/"]}]},{"@type":"ImageObject","inLanguage":"es","@id":"https:\/\/innovacioncomercio.org\/index.php\/2023\/04\/01\/ideas-de-decoracion-con-palets-para-tiendas-tendencias-ecochic\/#primaryimage","url":"https:\/\/innovacioncomercio.org\/wp-content\/uploads\/2023\/03\/ideas-decoracion-palets-para-tiendas-ecochic-13.jpg","contentUrl":"https:\/\/innovacioncomercio.org\/wp-content\/uploads\/2023\/03\/ideas-decoracion-palets-para-tiendas-ecochic-13.jpg","width":564,"height":752},{"@type":"BreadcrumbList","@id":"https:\/\/innovacioncomercio.org\/index.php\/2023\/04\/01\/ideas-de-decoracion-con-palets-para-tiendas-tendencias-ecochic\/#breadcrumb","itemListElement":[{"@type":"ListItem","position":1,"name":"Portada","item":"https:\/\/innovacioncomercio.org\/"},{"@type":"ListItem","position":2,"name":"Ideas de decoraci\u00f3n con palets para tiendas \u2013 tendencias \u201cecochic\u201d"}]},{"@type":"WebSite","@id":"https:\/\/innovacioncomercio.org\/#website","url":"https:\/\/innovacioncomercio.org\/","name":"INNOVACION COMERCIO","description":"C\u00e1tedra de Innovaci\u00f3n para el Comercio","potentialAction":[{"@type":"SearchAction","target":{"@type":"EntryPoint","urlTemplate":"https:\/\/innovacioncomercio.org\/?s={search_term_string}"},"query-input":{"@type":"PropertyValueSpecification","valueRequired":true,"valueName":"search_term_string"}}],"inLanguage":"es"},{"@type":"Person","@id":"https:\/\/innovacioncomercio.org\/#\/schema\/person\/6d92bb28a9c893f0f2be4434f32f554b","name":"admin@innovacioncomercio.org","image":{"@type":"ImageObject","inLanguage":"es","@id":"https:\/\/secure.gravatar.com\/avatar\/26d81e70e64bedc5c9682c4fec4cffa792c7433b66299bcf38ed578f850156b7?s=96&d=mm&r=g","url":"https:\/\/secure.gravatar.com\/avatar\/26d81e70e64bedc5c9682c4fec4cffa792c7433b66299bcf38ed578f850156b7?s=96&d=mm&r=g","contentUrl":"https:\/\/secure.gravatar.com\/avatar\/26d81e70e64bedc5c9682c4fec4cffa792c7433b66299bcf38ed578f850156b7?s=96&d=mm&r=g","caption":"admin@innovacioncomercio.org"},"sameAs":["http:\/\/innovacioncomercio.org"],"url":"https:\/\/innovacioncomercio.org\/index.php\/author\/admininnovacioncomercio-org\/"}]}},"_links":{"self":[{"href":"https:\/\/innovacioncomercio.org\/index.php\/wp-json\/wp\/v2\/posts\/3326","targetHints":{"allow":["GET"]}}],"collection":[{"href":"https:\/\/innovacioncomercio.org\/index.php\/wp-json\/wp\/v2\/posts"}],"about":[{"href":"https:\/\/innovacioncomercio.org\/index.php\/wp-json\/wp\/v2\/types\/post"}],"author":[{"embeddable":true,"href":"https:\/\/innovacioncomercio.org\/index.php\/wp-json\/wp\/v2\/users\/1"}],"replies":[{"embeddable":true,"href":"https:\/\/innovacioncomercio.org\/index.php\/wp-json\/wp\/v2\/comments?post=3326"}],"version-history":[{"count":2,"href":"https:\/\/innovacioncomercio.org\/index.php\/wp-json\/wp\/v2\/posts\/3326\/revisions"}],"predecessor-version":[{"id":3345,"href":"https:\/\/innovacioncomercio.org\/index.php\/wp-json\/wp\/v2\/posts\/3326\/revisions\/3345"}],"wp:featuredmedia":[{"embeddable":true,"href":"https:\/\/innovacioncomercio.org\/index.php\/wp-json\/wp\/v2\/media\/3340"}],"wp:attachment":[{"href":"https:\/\/innovacioncomercio.org\/index.php\/wp-json\/wp\/v2\/media?parent=3326"}],"wp:term":[{"taxonomy":"category","embeddable":true,"href":"https:\/\/innovacioncomercio.org\/index.php\/wp-json\/wp\/v2\/categories?post=3326"},{"taxonomy":"post_tag","embeddable":true,"href":"https:\/\/innovacioncomercio.org\/index.php\/wp-json\/wp\/v2\/tags?post=3326"}],"curies":[{"name":"wp","href":"https:\/\/api.w.org\/{rel}","templated":true}]}}