{"id":3493,"date":"2023-04-24T07:55:39","date_gmt":"2023-04-24T05:55:39","guid":{"rendered":"https:\/\/innovacioncomercio.org\/?p=3493"},"modified":"2023-04-22T09:58:10","modified_gmt":"2023-04-22T07:58:10","slug":"fecosva-y-la-catedra-realizan-una-campana-de-descuento-para-los-alumnos-uva-que-se-graduen-en-2023","status":"publish","type":"post","link":"https:\/\/innovacioncomercio.org\/index.php\/2023\/04\/24\/fecosva-y-la-catedra-realizan-una-campana-de-descuento-para-los-alumnos-uva-que-se-graduen-en-2023\/","title":{"rendered":"Fecosva y la C\u00e1tedra realizan una campa\u00f1a de descuento para los alumnos UVa que se grad\u00faen en 2023"},"content":{"rendered":"<div class=\"wpb-content-wrapper\">[vc_row][vc_column][vc_column_text]\n<p align=\"justify\">La Federaci\u00f3n de Comercio y Servicios de Valladolid (Fecosva) se ha unido a la C\u00e1tedra de Innovaci\u00f3n para el Comercio una vez m\u00e1s con el objetivo de dinamizar el comercio pr\u00f3ximo de la ciudad de Valladolid. En esta ocasi\u00f3n, se trata de una campa\u00f1a de promoci\u00f3n de ventas. Mediante un descuento a los alumnos de la Universidad de Valladolid que se grad\u00faan este a\u00f1o 2023, se incentivar\u00e1 a la compra de art\u00edculos de ceremonia, zapater\u00eda y peluquer\u00eda en el comercio local, concienciando de esta forma a los m\u00e1s j\u00f3venes en el valor y la cercan\u00eda que ofrece el comercio aut\u00f3ctono de su ciudad.<\/p>\n<p align=\"justify\">El descuento trata de un 10% en la compra de trajes\/vestidos de ceremonia, zapatos y servicios de peluquer\u00eda\/est\u00e9tica en los comercios participantes. Estos comercios se identifican colocando una pegatina en su establecimiento, por lo que es m\u00e1s f\u00e1cil reconocerlos, adem\u00e1s, desde Fecosva y la C\u00e1tedra nos encargaremos de realizar publicidad en nuestras Redes Sociales y P\u00e1ginas Web de forma que todos los alumnos puedan conocer esta ventaja que se les ofrece. Para poder conseguir el descuento deber\u00e1n acreditar su identidad presentando el carn\u00e9 de la UVa.<\/p>\n<p align=\"justify\">En resumen, el objetivo de esta campa\u00f1a es la dinamizaci\u00f3n del comercio local y el aumento de su conocimiento y atractivo de cara a los j\u00f3venes estudiantes de nuestra ciudad, consiguiendo que los comercios participantes aumenten su n\u00famero de ventas, adem\u00e1s de poder captar nuevos clientes, tanto j\u00f3venes alumnos como padres y familiares de los mismos que les acompa\u00f1ar\u00e1n en la visita al establecimiento.<\/p>\n[\/vc_column_text][\/vc_column][\/vc_row][vc_row][vc_column][vc_empty_space][vc_single_image image=&#8221;3494&#8243; img_size=&#8221;full&#8221; alignment=&#8221;center&#8221;][\/vc_column][\/vc_row][vc_row][vc_column][vc_empty_space height=&#8221;50px&#8221;][vc_row_inner][vc_column_inner][vc_column_text]<strong><span style=\"font-size: 150%;\">S\u00cdGUENOS EN LAS REDES SOCIALES<\/span><\/strong>[\/vc_column_text][\/vc_column_inner][\/vc_row_inner][vc_row_inner][vc_column_inner width=&#8221;1\/3&#8243;]<div class=\"aio-icon-component    style_1\"><a class=\"aio-icon-box-link\" href=\"https:\/\/www.instagram.com\/catedrainnovacioncomercio\/\" target=\"_blank\" rel=\"noopener\" ><div id=\"Info-box-wrap-6379\" class=\"aio-icon-box default-icon\" style=\"\"  ><div class=\"aio-icon-default\"><div class=\"ult-just-icon-wrapper  \"><div class=\"align-icon\" style=\"text-align:center;\">\n<div class=\"aio-icon-img \" style=\"font-size:64px;display:inline-block;\" >\n\t<img decoding=\"async\" class=\"img-icon\" alt=\"null\" src=\"https:\/\/innovacioncomercio.org\/wp-content\/uploads\/2021\/05\/iconfinder-instagram-4661602_122473.png\"\/>\n<\/div><\/div><\/div><\/div><div class=\"aio-icon-header\" ><h3 class=\"aio-icon-title ult-responsive\"  data-ultimate-target='#Info-box-wrap-6379 .aio-icon-title'  data-responsive-json-new='{\"font-size\":\"\",\"line-height\":\"\"}'  style=\"\">INSTAGRAM<\/h3><\/div> <!-- header --><\/div> <!-- aio-icon-box --><\/a><\/div> <!-- aio-icon-component -->[\/vc_column_inner][vc_column_inner width=&#8221;1\/3&#8243;]<div class=\"aio-icon-component    style_1\"><a class=\"aio-icon-box-link\" href=\"https:\/\/mobile.twitter.com\/comercioinnova\" target=\"_blank\" rel=\"noopener\" ><div id=\"Info-box-wrap-3999\" class=\"aio-icon-box default-icon\" style=\"\"  ><div class=\"aio-icon-default\"><div class=\"ult-just-icon-wrapper  \"><div class=\"align-icon\" style=\"text-align:center;\">\n<div class=\"aio-icon-img \" style=\"font-size:64px;display:inline-block;\" >\n\t<img decoding=\"async\" class=\"img-icon\" alt=\"null\" src=\"https:\/\/innovacioncomercio.org\/wp-content\/uploads\/2021\/05\/twitter_icon_146080.png\"\/>\n<\/div><\/div><\/div><\/div><div class=\"aio-icon-header\" ><h3 class=\"aio-icon-title ult-responsive\"  data-ultimate-target='#Info-box-wrap-3999 .aio-icon-title'  data-responsive-json-new='{\"font-size\":\"\",\"line-height\":\"\"}'  style=\"\">TWITTER<\/h3><\/div> <!-- header --><\/div> <!-- aio-icon-box --><\/a><\/div> <!-- aio-icon-component -->[\/vc_column_inner][vc_column_inner width=&#8221;1\/3&#8243;]<div class=\"aio-icon-component    style_1\"><a class=\"aio-icon-box-link\" href=\"https:\/\/www.linkedin.com\/in\/c%C3%A1tedra-de-innovaci%C3%B3n-para-el-comercio-735953210\/\" target=\"_blank\" rel=\"noopener\" ><div id=\"Info-box-wrap-2891\" class=\"aio-icon-box default-icon\" style=\"\"  ><div class=\"aio-icon-default\"><div class=\"ult-just-icon-wrapper  \"><div class=\"align-icon\" style=\"text-align:center;\">\n<div class=\"aio-icon-img \" style=\"font-size:64px;display:inline-block;\" >\n\t<img decoding=\"async\" class=\"img-icon\" alt=\"null\" src=\"https:\/\/innovacioncomercio.org\/wp-content\/uploads\/2021\/05\/linkedin_icon_146152.png\"\/>\n<\/div><\/div><\/div><\/div><div class=\"aio-icon-header\" ><h3 class=\"aio-icon-title ult-responsive\"  data-ultimate-target='#Info-box-wrap-2891 .aio-icon-title'  data-responsive-json-new='{\"font-size\":\"\",\"line-height\":\"\"}'  style=\"\">LINKEDIN<\/h3><\/div> <!-- header --><\/div> <!-- aio-icon-box --><\/a><\/div> <!-- aio-icon-component -->[\/vc_column_inner][\/vc_row_inner][\/vc_column][\/vc_row][vc_row][vc_column][vc_custom_heading text=&#8221;Ap\u00fantate a nuestra newsletter semanal.&#8221; google_fonts=&#8221;font_family:Montserrat%3Aregular%2C700|font_style:400%20regular%3A400%3Anormal&#8221;]\n                <div class='gf_browser_gecko gform_wrapper' id='gform_wrapper_9' ><form method='post' enctype='multipart\/form-data'  id='gform_9'  action='\/index.php\/wp-json\/wp\/v2\/posts\/3493'> \r\n <input type='hidden' class='gforms-pum' value='{\"closepopup\":false,\"closedelay\":0,\"openpopup\":false,\"openpopup_id\":0}' \/>\n                        <div class='gform_body'><ul id='gform_fields_9' class='gform_fields top_label form_sublabel_below description_below'><li id='field_9_1'  class='gfield field_sublabel_below field_description_below gfield_visibility_visible' ><label class='gfield_label gfield_label_before_complex'  >Nombre<\/label><div class='ginput_complex ginput_container no_prefix has_first_name no_middle_name has_last_name no_suffix gf_name_has_2 ginput_container_name' id='input_9_1'>\n                            \n                            <span id='input_9_1_3_container' class='name_first' >\n                                                    <input type='text' name='input_1.3' id='input_9_1_3' value='' aria-label='Nombre'    aria-invalid=\"false\" \/>\n                                                    <label for='input_9_1_3' >Nombre<\/label>\n                                                <\/span>\n                            \n                            <span id='input_9_1_6_container' class='name_last' >\n                                                    <input type='text' name='input_1.6' id='input_9_1_6' value='' aria-label='Apellidos'    aria-invalid=\"false\" \/>\n                                                    <label for='input_9_1_6' >Apellidos<\/label>\n                                                <\/span>\n                            \n                        <\/div><\/li><li id='field_9_2'  class='gfield gf_left_half field_sublabel_below field_description_below gfield_visibility_visible' ><label class='gfield_label' for='input_9_2' >Nombre del establecimiento<\/label><div class='ginput_container ginput_container_text'><input name='input_2' id='input_9_2' type='text' value='' class='medium'      aria-invalid=\"false\" \/><\/div><\/li><li id='field_9_7'  class='gfield gf_right_half field_sublabel_below field_description_below gfield_visibility_visible' ><label class='gfield_label' for='input_9_7' >Poblaci\u00f3n<\/label><div class='ginput_container ginput_container_text'><input name='input_7' id='input_9_7' type='text' value='' class='medium'      aria-invalid=\"false\" \/><\/div><\/li><li id='field_9_5'  class='gfield gf_middle_third field_sublabel_below field_description_below gfield_visibility_visible' ><label class='gfield_label' for='input_9_5' >Email<\/label><div class='ginput_container ginput_container_email'>\n                            <input name='input_5' id='input_9_5' type='text' value='' class='medium'     aria-invalid=\"false\" \/>\n                        <\/div><\/li><li id='field_9_6'  class='gfield gfield_contains_required field_sublabel_below field_description_below gfield_visibility_visible' ><label class='gfield_label'  >Informaci\u00f3n de protecci\u00f3n de datos<span class='gfield_required'>*<\/span><\/label><div class='ginput_container ginput_container_checkbox'><ul class='gfield_checkbox' id='input_9_6'><li class='gchoice_9_6_1'>\n\t\t\t\t\t\t\t\t<input name='input_6.1' type='checkbox'  value='Acepto y consiento el tratamiento de mis datos personales &lt;a href=&quot;https:\/\/innovacioncomercio.org\/index.php\/advertencias-legales-y-politica-de-privacidad\/&quot;&gt;&lt;u&gt;(Aviso legal y politicas de privacidad y protecci\u00f3n de datos)&lt;\/u&gt;&lt;\/a&gt;.'  id='choice_9_6_1'   \/>\n\t\t\t\t\t\t\t\t<label for='choice_9_6_1' id='label_9_6_1'>Acepto y consiento el tratamiento de mis datos personales <a href=\"https:\/\/innovacioncomercio.org\/index.php\/advertencias-legales-y-politica-de-privacidad\/\"><u>(Aviso legal y politicas de privacidad y protecci\u00f3n de datos)<\/u><\/a>.<\/label>\n\t\t\t\t\t\t\t<\/li><\/ul><\/div><\/li><li id='field_9_8'  class='gfield field_sublabel_below field_description_below gfield_visibility_visible' ><label class='gfield_label' for='input_9_8' >CAPTCHA<\/label><div id='input_9_8' class='ginput_container ginput_recaptcha' data-sitekey='6LdrEQ4pAAAAANeWXEIdVNH_86d76S-Xi3lhFfKK'  data-theme='light' data-tabindex='0'  data-badge=''><\/div><\/li>\n                            <\/ul><\/div>\n        <div class='gform_footer top_label'> <input type='submit' id='gform_submit_button_9' class='gform_button button' value='Enviar'  onclick='if(window[\"gf_submitting_9\"]){return false;}  window[\"gf_submitting_9\"]=true;  ' onkeypress='if( event.keyCode == 13 ){ if(window[\"gf_submitting_9\"]){return false;} window[\"gf_submitting_9\"]=true;  jQuery(\"#gform_9\").trigger(\"submit\",[true]); }' \/> \n            <input type='hidden' class='gform_hidden' name='is_submit_9' value='1' \/>\n            <input type='hidden' class='gform_hidden' name='gform_submit' value='9' \/>\n            \n            <input type='hidden' class='gform_hidden' name='gform_unique_id' value='' \/>\n            <input type='hidden' class='gform_hidden' name='state_9' value='WyJbXSIsImJmMjUyNjhlNzlhMmFhNmU1MjRhZTZiMDRiNWE3NTBlIl0=' \/>\n            <input type='hidden' class='gform_hidden' name='gform_target_page_number_9' id='gform_target_page_number_9' value='0' \/>\n            <input type='hidden' class='gform_hidden' name='gform_source_page_number_9' id='gform_source_page_number_9' value='1' \/>\n            <input type='hidden' name='gform_field_values' value='' \/>\n            \n        <\/div>\n                        <\/form>\n                        <\/div><script type='text\/javascript'> jQuery(document).bind('gform_post_render', function(event, formId, currentPage){if(formId == 9) {} } );jQuery(document).bind('gform_post_conditional_logic', function(event, formId, fields, isInit){} );<\/script><script type='text\/javascript'> jQuery(document).ready(function(){jQuery(document).trigger('gform_post_render', [9, 1]) } ); <\/script>[\/vc_column][\/vc_row]\n<\/div>","protected":false},"excerpt":{"rendered":"[vc_row][vc_column][vc_column_text] La Federaci\u00f3n de Comercio y Servicios de Valladolid (Fecosva) se ha unido a la C\u00e1tedra de Innovaci\u00f3n para el Comercio una vez m\u00e1s con el objetivo de dinamizar el comercio pr\u00f3ximo de la ciudad de Valladolid. En esta ocasi\u00f3n, se trata de una campa\u00f1a de promoci\u00f3n de ventas. Mediante un descuento a los alumnos<\/p>\n","protected":false},"author":1,"featured_media":3494,"comment_status":"closed","ping_status":"open","sticky":false,"template":"","format":"standard","meta":{"_bbp_topic_count":0,"_bbp_reply_count":0,"_bbp_total_topic_count":0,"_bbp_total_reply_count":0,"_bbp_voice_count":0,"_bbp_anonymous_reply_count":0,"_bbp_topic_count_hidden":0,"_bbp_reply_count_hidden":0,"_bbp_forum_subforum_count":0,"content-type":"","footnotes":""},"categories":[6,5],"tags":[],"class_list":["post-3493","post","type-post","status-publish","format-standard","has-post-thumbnail","hentry","category-blog","category-noticias"],"yoast_head":"<!-- This site is optimized with the Yoast SEO Premium plugin v19.2.1 (Yoast SEO v27.5) - https:\/\/yoast.com\/product\/yoast-seo-premium-wordpress\/ -->\n<title>Fecosva y la C\u00e1tedra realizan una campa\u00f1a de descuento para los alumnos UVa que se grad\u00faen en 2023 - INNOVACION COMERCIO<\/title>\n<meta name=\"robots\" content=\"index, follow, max-snippet:-1, max-image-preview:large, max-video-preview:-1\" \/>\n<link rel=\"canonical\" href=\"https:\/\/innovacioncomercio.org\/index.php\/2023\/04\/24\/fecosva-y-la-catedra-realizan-una-campana-de-descuento-para-los-alumnos-uva-que-se-graduen-en-2023\/\" \/>\n<meta property=\"og:locale\" content=\"es_ES\" \/>\n<meta property=\"og:type\" content=\"article\" \/>\n<meta property=\"og:title\" content=\"Fecosva y la C\u00e1tedra realizan una campa\u00f1a de descuento para los alumnos UVa que se grad\u00faen en 2023\" \/>\n<meta property=\"og:description\" content=\"[vc_row][vc_column][vc_column_text] La Federaci\u00f3n de Comercio y Servicios de Valladolid (Fecosva) se ha unido a la C\u00e1tedra de Innovaci\u00f3n para el Comercio una vez m\u00e1s con el objetivo de dinamizar el comercio pr\u00f3ximo de la ciudad de Valladolid. En esta ocasi\u00f3n, se trata de una campa\u00f1a de promoci\u00f3n de ventas. Mediante un descuento a los alumnos\" \/>\n<meta property=\"og:url\" content=\"https:\/\/innovacioncomercio.org\/index.php\/2023\/04\/24\/fecosva-y-la-catedra-realizan-una-campana-de-descuento-para-los-alumnos-uva-que-se-graduen-en-2023\/\" \/>\n<meta property=\"og:site_name\" content=\"INNOVACION COMERCIO\" \/>\n<meta property=\"article:published_time\" content=\"2023-04-24T05:55:39+00:00\" \/>\n<meta property=\"og:image\" content=\"https:\/\/innovacioncomercio.org\/wp-content\/uploads\/2023\/04\/descuento-catedra.jpg\" \/>\n\t<meta property=\"og:image:width\" content=\"850\" \/>\n\t<meta property=\"og:image:height\" content=\"850\" \/>\n\t<meta property=\"og:image:type\" content=\"image\/jpeg\" \/>\n<meta name=\"author\" content=\"admin@innovacioncomercio.org\" \/>\n<meta name=\"twitter:card\" content=\"summary_large_image\" \/>\n<meta name=\"twitter:label1\" content=\"Escrito por\" \/>\n\t<meta name=\"twitter:data1\" content=\"admin@innovacioncomercio.org\" \/>\n\t<meta name=\"twitter:label2\" content=\"Tiempo de lectura\" \/>\n\t<meta name=\"twitter:data2\" content=\"2 minutos\" \/>\n<script type=\"application\/ld+json\" class=\"yoast-schema-graph\">{\"@context\":\"https:\\\/\\\/schema.org\",\"@graph\":[{\"@type\":\"Article\",\"@id\":\"https:\\\/\\\/innovacioncomercio.org\\\/index.php\\\/2023\\\/04\\\/24\\\/fecosva-y-la-catedra-realizan-una-campana-de-descuento-para-los-alumnos-uva-que-se-graduen-en-2023\\\/#article\",\"isPartOf\":{\"@id\":\"https:\\\/\\\/innovacioncomercio.org\\\/index.php\\\/2023\\\/04\\\/24\\\/fecosva-y-la-catedra-realizan-una-campana-de-descuento-para-los-alumnos-uva-que-se-graduen-en-2023\\\/\"},\"author\":{\"name\":\"admin@innovacioncomercio.org\",\"@id\":\"https:\\\/\\\/innovacioncomercio.org\\\/#\\\/schema\\\/person\\\/6d92bb28a9c893f0f2be4434f32f554b\"},\"headline\":\"Fecosva y la C\u00e1tedra realizan una campa\u00f1a de descuento para los alumnos UVa que se grad\u00faen en 2023\",\"datePublished\":\"2023-04-24T05:55:39+00:00\",\"mainEntityOfPage\":{\"@id\":\"https:\\\/\\\/innovacioncomercio.org\\\/index.php\\\/2023\\\/04\\\/24\\\/fecosva-y-la-catedra-realizan-una-campana-de-descuento-para-los-alumnos-uva-que-se-graduen-en-2023\\\/\"},\"wordCount\":581,\"image\":{\"@id\":\"https:\\\/\\\/innovacioncomercio.org\\\/index.php\\\/2023\\\/04\\\/24\\\/fecosva-y-la-catedra-realizan-una-campana-de-descuento-para-los-alumnos-uva-que-se-graduen-en-2023\\\/#primaryimage\"},\"thumbnailUrl\":\"https:\\\/\\\/innovacioncomercio.org\\\/wp-content\\\/uploads\\\/2023\\\/04\\\/descuento-catedra.jpg\",\"articleSection\":[\"Blog\",\"Noticias\"],\"inLanguage\":\"es\"},{\"@type\":\"WebPage\",\"@id\":\"https:\\\/\\\/innovacioncomercio.org\\\/index.php\\\/2023\\\/04\\\/24\\\/fecosva-y-la-catedra-realizan-una-campana-de-descuento-para-los-alumnos-uva-que-se-graduen-en-2023\\\/\",\"url\":\"https:\\\/\\\/innovacioncomercio.org\\\/index.php\\\/2023\\\/04\\\/24\\\/fecosva-y-la-catedra-realizan-una-campana-de-descuento-para-los-alumnos-uva-que-se-graduen-en-2023\\\/\",\"name\":\"Fecosva y la C\u00e1tedra realizan una campa\u00f1a de descuento para los alumnos UVa que se grad\u00faen en 2023 - INNOVACION COMERCIO\",\"isPartOf\":{\"@id\":\"https:\\\/\\\/innovacioncomercio.org\\\/#website\"},\"primaryImageOfPage\":{\"@id\":\"https:\\\/\\\/innovacioncomercio.org\\\/index.php\\\/2023\\\/04\\\/24\\\/fecosva-y-la-catedra-realizan-una-campana-de-descuento-para-los-alumnos-uva-que-se-graduen-en-2023\\\/#primaryimage\"},\"image\":{\"@id\":\"https:\\\/\\\/innovacioncomercio.org\\\/index.php\\\/2023\\\/04\\\/24\\\/fecosva-y-la-catedra-realizan-una-campana-de-descuento-para-los-alumnos-uva-que-se-graduen-en-2023\\\/#primaryimage\"},\"thumbnailUrl\":\"https:\\\/\\\/innovacioncomercio.org\\\/wp-content\\\/uploads\\\/2023\\\/04\\\/descuento-catedra.jpg\",\"datePublished\":\"2023-04-24T05:55:39+00:00\",\"author\":{\"@id\":\"https:\\\/\\\/innovacioncomercio.org\\\/#\\\/schema\\\/person\\\/6d92bb28a9c893f0f2be4434f32f554b\"},\"breadcrumb\":{\"@id\":\"https:\\\/\\\/innovacioncomercio.org\\\/index.php\\\/2023\\\/04\\\/24\\\/fecosva-y-la-catedra-realizan-una-campana-de-descuento-para-los-alumnos-uva-que-se-graduen-en-2023\\\/#breadcrumb\"},\"inLanguage\":\"es\",\"potentialAction\":[{\"@type\":\"ReadAction\",\"target\":[\"https:\\\/\\\/innovacioncomercio.org\\\/index.php\\\/2023\\\/04\\\/24\\\/fecosva-y-la-catedra-realizan-una-campana-de-descuento-para-los-alumnos-uva-que-se-graduen-en-2023\\\/\"]}]},{\"@type\":\"ImageObject\",\"inLanguage\":\"es\",\"@id\":\"https:\\\/\\\/innovacioncomercio.org\\\/index.php\\\/2023\\\/04\\\/24\\\/fecosva-y-la-catedra-realizan-una-campana-de-descuento-para-los-alumnos-uva-que-se-graduen-en-2023\\\/#primaryimage\",\"url\":\"https:\\\/\\\/innovacioncomercio.org\\\/wp-content\\\/uploads\\\/2023\\\/04\\\/descuento-catedra.jpg\",\"contentUrl\":\"https:\\\/\\\/innovacioncomercio.org\\\/wp-content\\\/uploads\\\/2023\\\/04\\\/descuento-catedra.jpg\",\"width\":850,\"height\":850},{\"@type\":\"BreadcrumbList\",\"@id\":\"https:\\\/\\\/innovacioncomercio.org\\\/index.php\\\/2023\\\/04\\\/24\\\/fecosva-y-la-catedra-realizan-una-campana-de-descuento-para-los-alumnos-uva-que-se-graduen-en-2023\\\/#breadcrumb\",\"itemListElement\":[{\"@type\":\"ListItem\",\"position\":1,\"name\":\"Portada\",\"item\":\"https:\\\/\\\/innovacioncomercio.org\\\/\"},{\"@type\":\"ListItem\",\"position\":2,\"name\":\"Fecosva y la C\u00e1tedra realizan una campa\u00f1a de descuento para los alumnos UVa que se grad\u00faen en 2023\"}]},{\"@type\":\"WebSite\",\"@id\":\"https:\\\/\\\/innovacioncomercio.org\\\/#website\",\"url\":\"https:\\\/\\\/innovacioncomercio.org\\\/\",\"name\":\"INNOVACION COMERCIO\",\"description\":\"C\u00e1tedra de Innovaci\u00f3n para el Comercio\",\"potentialAction\":[{\"@type\":\"SearchAction\",\"target\":{\"@type\":\"EntryPoint\",\"urlTemplate\":\"https:\\\/\\\/innovacioncomercio.org\\\/?s={search_term_string}\"},\"query-input\":{\"@type\":\"PropertyValueSpecification\",\"valueRequired\":true,\"valueName\":\"search_term_string\"}}],\"inLanguage\":\"es\"},{\"@type\":\"Person\",\"@id\":\"https:\\\/\\\/innovacioncomercio.org\\\/#\\\/schema\\\/person\\\/6d92bb28a9c893f0f2be4434f32f554b\",\"name\":\"admin@innovacioncomercio.org\",\"image\":{\"@type\":\"ImageObject\",\"inLanguage\":\"es\",\"@id\":\"https:\\\/\\\/secure.gravatar.com\\\/avatar\\\/26d81e70e64bedc5c9682c4fec4cffa792c7433b66299bcf38ed578f850156b7?s=96&d=mm&r=g\",\"url\":\"https:\\\/\\\/secure.gravatar.com\\\/avatar\\\/26d81e70e64bedc5c9682c4fec4cffa792c7433b66299bcf38ed578f850156b7?s=96&d=mm&r=g\",\"contentUrl\":\"https:\\\/\\\/secure.gravatar.com\\\/avatar\\\/26d81e70e64bedc5c9682c4fec4cffa792c7433b66299bcf38ed578f850156b7?s=96&d=mm&r=g\",\"caption\":\"admin@innovacioncomercio.org\"},\"sameAs\":[\"http:\\\/\\\/innovacioncomercio.org\"],\"url\":\"https:\\\/\\\/innovacioncomercio.org\\\/index.php\\\/author\\\/admininnovacioncomercio-org\\\/\"}]}<\/script>\n<!-- \/ Yoast SEO Premium plugin. -->","yoast_head_json":{"title":"Fecosva y la C\u00e1tedra realizan una campa\u00f1a de descuento para los alumnos UVa que se grad\u00faen en 2023 - INNOVACION COMERCIO","robots":{"index":"index","follow":"follow","max-snippet":"max-snippet:-1","max-image-preview":"max-image-preview:large","max-video-preview":"max-video-preview:-1"},"canonical":"https:\/\/innovacioncomercio.org\/index.php\/2023\/04\/24\/fecosva-y-la-catedra-realizan-una-campana-de-descuento-para-los-alumnos-uva-que-se-graduen-en-2023\/","og_locale":"es_ES","og_type":"article","og_title":"Fecosva y la C\u00e1tedra realizan una campa\u00f1a de descuento para los alumnos UVa que se grad\u00faen en 2023","og_description":"[vc_row][vc_column][vc_column_text] La Federaci\u00f3n de Comercio y Servicios de Valladolid (Fecosva) se ha unido a la C\u00e1tedra de Innovaci\u00f3n para el Comercio una vez m\u00e1s con el objetivo de dinamizar el comercio pr\u00f3ximo de la ciudad de Valladolid. En esta ocasi\u00f3n, se trata de una campa\u00f1a de promoci\u00f3n de ventas. Mediante un descuento a los alumnos","og_url":"https:\/\/innovacioncomercio.org\/index.php\/2023\/04\/24\/fecosva-y-la-catedra-realizan-una-campana-de-descuento-para-los-alumnos-uva-que-se-graduen-en-2023\/","og_site_name":"INNOVACION COMERCIO","article_published_time":"2023-04-24T05:55:39+00:00","og_image":[{"width":850,"height":850,"url":"https:\/\/innovacioncomercio.org\/wp-content\/uploads\/2023\/04\/descuento-catedra.jpg","type":"image\/jpeg"}],"author":"admin@innovacioncomercio.org","twitter_card":"summary_large_image","twitter_misc":{"Escrito por":"admin@innovacioncomercio.org","Tiempo de lectura":"2 minutos"},"schema":{"@context":"https:\/\/schema.org","@graph":[{"@type":"Article","@id":"https:\/\/innovacioncomercio.org\/index.php\/2023\/04\/24\/fecosva-y-la-catedra-realizan-una-campana-de-descuento-para-los-alumnos-uva-que-se-graduen-en-2023\/#article","isPartOf":{"@id":"https:\/\/innovacioncomercio.org\/index.php\/2023\/04\/24\/fecosva-y-la-catedra-realizan-una-campana-de-descuento-para-los-alumnos-uva-que-se-graduen-en-2023\/"},"author":{"name":"admin@innovacioncomercio.org","@id":"https:\/\/innovacioncomercio.org\/#\/schema\/person\/6d92bb28a9c893f0f2be4434f32f554b"},"headline":"Fecosva y la C\u00e1tedra realizan una campa\u00f1a de descuento para los alumnos UVa que se grad\u00faen en 2023","datePublished":"2023-04-24T05:55:39+00:00","mainEntityOfPage":{"@id":"https:\/\/innovacioncomercio.org\/index.php\/2023\/04\/24\/fecosva-y-la-catedra-realizan-una-campana-de-descuento-para-los-alumnos-uva-que-se-graduen-en-2023\/"},"wordCount":581,"image":{"@id":"https:\/\/innovacioncomercio.org\/index.php\/2023\/04\/24\/fecosva-y-la-catedra-realizan-una-campana-de-descuento-para-los-alumnos-uva-que-se-graduen-en-2023\/#primaryimage"},"thumbnailUrl":"https:\/\/innovacioncomercio.org\/wp-content\/uploads\/2023\/04\/descuento-catedra.jpg","articleSection":["Blog","Noticias"],"inLanguage":"es"},{"@type":"WebPage","@id":"https:\/\/innovacioncomercio.org\/index.php\/2023\/04\/24\/fecosva-y-la-catedra-realizan-una-campana-de-descuento-para-los-alumnos-uva-que-se-graduen-en-2023\/","url":"https:\/\/innovacioncomercio.org\/index.php\/2023\/04\/24\/fecosva-y-la-catedra-realizan-una-campana-de-descuento-para-los-alumnos-uva-que-se-graduen-en-2023\/","name":"Fecosva y la C\u00e1tedra realizan una campa\u00f1a de descuento para los alumnos UVa que se grad\u00faen en 2023 - INNOVACION COMERCIO","isPartOf":{"@id":"https:\/\/innovacioncomercio.org\/#website"},"primaryImageOfPage":{"@id":"https:\/\/innovacioncomercio.org\/index.php\/2023\/04\/24\/fecosva-y-la-catedra-realizan-una-campana-de-descuento-para-los-alumnos-uva-que-se-graduen-en-2023\/#primaryimage"},"image":{"@id":"https:\/\/innovacioncomercio.org\/index.php\/2023\/04\/24\/fecosva-y-la-catedra-realizan-una-campana-de-descuento-para-los-alumnos-uva-que-se-graduen-en-2023\/#primaryimage"},"thumbnailUrl":"https:\/\/innovacioncomercio.org\/wp-content\/uploads\/2023\/04\/descuento-catedra.jpg","datePublished":"2023-04-24T05:55:39+00:00","author":{"@id":"https:\/\/innovacioncomercio.org\/#\/schema\/person\/6d92bb28a9c893f0f2be4434f32f554b"},"breadcrumb":{"@id":"https:\/\/innovacioncomercio.org\/index.php\/2023\/04\/24\/fecosva-y-la-catedra-realizan-una-campana-de-descuento-para-los-alumnos-uva-que-se-graduen-en-2023\/#breadcrumb"},"inLanguage":"es","potentialAction":[{"@type":"ReadAction","target":["https:\/\/innovacioncomercio.org\/index.php\/2023\/04\/24\/fecosva-y-la-catedra-realizan-una-campana-de-descuento-para-los-alumnos-uva-que-se-graduen-en-2023\/"]}]},{"@type":"ImageObject","inLanguage":"es","@id":"https:\/\/innovacioncomercio.org\/index.php\/2023\/04\/24\/fecosva-y-la-catedra-realizan-una-campana-de-descuento-para-los-alumnos-uva-que-se-graduen-en-2023\/#primaryimage","url":"https:\/\/innovacioncomercio.org\/wp-content\/uploads\/2023\/04\/descuento-catedra.jpg","contentUrl":"https:\/\/innovacioncomercio.org\/wp-content\/uploads\/2023\/04\/descuento-catedra.jpg","width":850,"height":850},{"@type":"BreadcrumbList","@id":"https:\/\/innovacioncomercio.org\/index.php\/2023\/04\/24\/fecosva-y-la-catedra-realizan-una-campana-de-descuento-para-los-alumnos-uva-que-se-graduen-en-2023\/#breadcrumb","itemListElement":[{"@type":"ListItem","position":1,"name":"Portada","item":"https:\/\/innovacioncomercio.org\/"},{"@type":"ListItem","position":2,"name":"Fecosva y la C\u00e1tedra realizan una campa\u00f1a de descuento para los alumnos UVa que se grad\u00faen en 2023"}]},{"@type":"WebSite","@id":"https:\/\/innovacioncomercio.org\/#website","url":"https:\/\/innovacioncomercio.org\/","name":"INNOVACION COMERCIO","description":"C\u00e1tedra de Innovaci\u00f3n para el Comercio","potentialAction":[{"@type":"SearchAction","target":{"@type":"EntryPoint","urlTemplate":"https:\/\/innovacioncomercio.org\/?s={search_term_string}"},"query-input":{"@type":"PropertyValueSpecification","valueRequired":true,"valueName":"search_term_string"}}],"inLanguage":"es"},{"@type":"Person","@id":"https:\/\/innovacioncomercio.org\/#\/schema\/person\/6d92bb28a9c893f0f2be4434f32f554b","name":"admin@innovacioncomercio.org","image":{"@type":"ImageObject","inLanguage":"es","@id":"https:\/\/secure.gravatar.com\/avatar\/26d81e70e64bedc5c9682c4fec4cffa792c7433b66299bcf38ed578f850156b7?s=96&d=mm&r=g","url":"https:\/\/secure.gravatar.com\/avatar\/26d81e70e64bedc5c9682c4fec4cffa792c7433b66299bcf38ed578f850156b7?s=96&d=mm&r=g","contentUrl":"https:\/\/secure.gravatar.com\/avatar\/26d81e70e64bedc5c9682c4fec4cffa792c7433b66299bcf38ed578f850156b7?s=96&d=mm&r=g","caption":"admin@innovacioncomercio.org"},"sameAs":["http:\/\/innovacioncomercio.org"],"url":"https:\/\/innovacioncomercio.org\/index.php\/author\/admininnovacioncomercio-org\/"}]}},"_links":{"self":[{"href":"https:\/\/innovacioncomercio.org\/index.php\/wp-json\/wp\/v2\/posts\/3493","targetHints":{"allow":["GET"]}}],"collection":[{"href":"https:\/\/innovacioncomercio.org\/index.php\/wp-json\/wp\/v2\/posts"}],"about":[{"href":"https:\/\/innovacioncomercio.org\/index.php\/wp-json\/wp\/v2\/types\/post"}],"author":[{"embeddable":true,"href":"https:\/\/innovacioncomercio.org\/index.php\/wp-json\/wp\/v2\/users\/1"}],"replies":[{"embeddable":true,"href":"https:\/\/innovacioncomercio.org\/index.php\/wp-json\/wp\/v2\/comments?post=3493"}],"version-history":[{"count":1,"href":"https:\/\/innovacioncomercio.org\/index.php\/wp-json\/wp\/v2\/posts\/3493\/revisions"}],"predecessor-version":[{"id":3495,"href":"https:\/\/innovacioncomercio.org\/index.php\/wp-json\/wp\/v2\/posts\/3493\/revisions\/3495"}],"wp:featuredmedia":[{"embeddable":true,"href":"https:\/\/innovacioncomercio.org\/index.php\/wp-json\/wp\/v2\/media\/3494"}],"wp:attachment":[{"href":"https:\/\/innovacioncomercio.org\/index.php\/wp-json\/wp\/v2\/media?parent=3493"}],"wp:term":[{"taxonomy":"category","embeddable":true,"href":"https:\/\/innovacioncomercio.org\/index.php\/wp-json\/wp\/v2\/categories?post=3493"},{"taxonomy":"post_tag","embeddable":true,"href":"https:\/\/innovacioncomercio.org\/index.php\/wp-json\/wp\/v2\/tags?post=3493"}],"curies":[{"name":"wp","href":"https:\/\/api.w.org\/{rel}","templated":true}]}}