{"id":3663,"date":"2023-07-03T00:48:49","date_gmt":"2023-07-02T22:48:49","guid":{"rendered":"https:\/\/innovacioncomercio.org\/?p=3663"},"modified":"2023-06-27T11:51:48","modified_gmt":"2023-06-27T09:51:48","slug":"summervibe-transforma-tus-exposiciones-de-verano-en-escaparates-para-sonar","status":"publish","type":"post","link":"https:\/\/innovacioncomercio.org\/index.php\/2023\/07\/03\/summervibe-transforma-tus-exposiciones-de-verano-en-escaparates-para-sonar\/","title":{"rendered":"&#8216;SummerVibe&#8217;: transforma tus exposiciones de verano en escaparates para so\u00f1ar"},"content":{"rendered":"<div class=\"wpb-content-wrapper\">[vc_row][vc_column][vc_column_text]<span style=\"font-family: Times New Roman, serif;\"><span style=\"font-size: medium;\"><span style=\"color: #374151;\"><span style=\"font-family: Segoe UI, serif;\">\u00bfQuieres darle un giro veraniego a tu tienda? \u00bfDeseas transformar tu espacio en un escaparate donde los clientes sue\u00f1en despiertos? Te presentamos el &#8216;SummerVibe&#8217;, una estrategia de visual merchandising que enciende la chispa de los meses m\u00e1s c\u00e1lidos del a\u00f1o en tus exposiciones.<\/span><\/span><\/span><\/span><\/p>\n<p><span style=\"font-family: Times New Roman, serif;\"><span style=\"font-size: medium;\"><span style=\"color: #374151;\"><span style=\"font-family: Segoe UI, serif;\">El visual merchandising es un arte. Un arte que, cuando se hace correctamente, puede llevar tu negocio al siguiente nivel. \u00bfC\u00f3mo? Crea una atm\u00f3sfera que incite a los clientes a so\u00f1ar. Y en verano, estos sue\u00f1os est\u00e1n llenos de sol, mar, relax y diversi\u00f3n. Aqu\u00ed es donde entra el &#8216;SummerVibe&#8217;.<\/span><\/span><\/span><\/span><\/p>\n<p><span style=\"font-family: Times New Roman, serif;\"><span style=\"font-size: medium;\"><span style=\"color: #374151;\"><span style=\"font-family: Segoe UI, serif;\">&#8216;SummerVibe&#8217; es m\u00e1s que una simple disposici\u00f3n de productos. Es una sensaci\u00f3n, un estado de \u00e1nimo que se inculca en cada elemento de tu exposici\u00f3n. Los colores vivos, los patrones alegres, los accesorios estivales, incluso los sonidos y olores pueden formar parte de este ambiente.<\/span><\/span><\/span><\/span><\/p>\n<p><span style=\"font-family: Times New Roman, serif;\"><span style=\"font-size: medium;\"><span style=\"color: #374151;\"><span style=\"font-family: Segoe UI, serif;\">Para conseguir el &#8216;SummerVibe&#8217; perfecto, comienza por elegir un tema de verano. Puede ser la playa, un picnic, un viaje por carretera o cualquier cosa que evoque diversi\u00f3n y relax. Luego, selecciona productos que complementen tu tema y sit\u00faalos de manera que destaquen sin parecer desordenados.<\/span><\/span><\/span><\/span><\/p>\n<p><span style=\"font-family: Times New Roman, serif;\"><span style=\"font-size: medium;\"><span style=\"color: #374151;\"><span style=\"font-family: Segoe UI, serif;\">Incorpora elementos de dise\u00f1o que refuercen tu tema. Los maniqu\u00edes en trajes de ba\u00f1o, los sombreros de paja y las gafas de sol pueden a\u00f1adir ese toque estival necesario. Incluso los aromas, como el del protector solar o el de la brisa marina, pueden intensificar la experiencia del cliente.<\/span><\/span><\/span><\/span><\/p>\n<p><span style=\"font-family: Times New Roman, serif;\"><span style=\"font-size: medium;\"><span style=\"color: #374151;\"><span style=\"font-family: Segoe UI, serif;\">Recuerda, el objetivo del &#8216;SummerVibe&#8217; es invitar a los clientes a so\u00f1ar. Por tanto, piensa en c\u00f3mo puedes crear una experiencia veraniega aut\u00e9ntica que provoque el deseo de comprar. Una exposici\u00f3n bien dise\u00f1ada puede hacer precisamente eso.<\/span><\/span><\/span><\/span>[\/vc_column_text][vc_empty_space]<div id=\"mpc_grid_images-6769f50f3edc31e\" class=\"mpc-grid-images mpc-init mpc-effect--none \"  data-grid-cols=\"4\"><div class=\"mpc-item\"><div onclick=\"\" class=\"mpc-grid__image mpc-transition\"><img loading=\"lazy\" decoding=\"async\" width=\"300\" height=\"235\" src=\"https:\/\/innovacioncomercio.org\/wp-content\/uploads\/2023\/06\/escaparates-de-verano-catedra-innovacion-comercio-1-300x235.jpg\" class=\"mpc-transition attachment-medium\" alt=\"\" title=\"escaparates de verano - catedra innovacion comercio (1)\" srcset=\"https:\/\/innovacioncomercio.org\/wp-content\/uploads\/2023\/06\/escaparates-de-verano-catedra-innovacion-comercio-1-300x235.jpg 300w, https:\/\/innovacioncomercio.org\/wp-content\/uploads\/2023\/06\/escaparates-de-verano-catedra-innovacion-comercio-1.jpg 404w\" sizes=\"auto, (max-width: 300px) 100vw, 300px\" \/><\/div><\/div><div class=\"mpc-item\"><div onclick=\"\" class=\"mpc-grid__image mpc-transition\"><img loading=\"lazy\" decoding=\"async\" width=\"300\" height=\"300\" src=\"https:\/\/innovacioncomercio.org\/wp-content\/uploads\/2023\/06\/escaparates-de-verano-catedra-innovacion-comercio-2-300x300.jpg\" class=\"mpc-transition attachment-medium\" alt=\"\" title=\"escaparates de verano - catedra innovacion comercio (2)\" srcset=\"https:\/\/innovacioncomercio.org\/wp-content\/uploads\/2023\/06\/escaparates-de-verano-catedra-innovacion-comercio-2-300x300.jpg 300w, https:\/\/innovacioncomercio.org\/wp-content\/uploads\/2023\/06\/escaparates-de-verano-catedra-innovacion-comercio-2-150x150.jpg 150w, https:\/\/innovacioncomercio.org\/wp-content\/uploads\/2023\/06\/escaparates-de-verano-catedra-innovacion-comercio-2.jpg 564w\" sizes=\"auto, (max-width: 300px) 100vw, 300px\" \/><\/div><\/div><div class=\"mpc-item\"><div onclick=\"\" class=\"mpc-grid__image mpc-transition\"><img loading=\"lazy\" decoding=\"async\" width=\"225\" height=\"300\" src=\"https:\/\/innovacioncomercio.org\/wp-content\/uploads\/2023\/06\/escaparates-de-verano-catedra-innovacion-comercio-3-225x300.jpg\" class=\"mpc-transition attachment-medium\" alt=\"\" title=\"escaparates de verano - catedra innovacion comercio (3)\" srcset=\"https:\/\/innovacioncomercio.org\/wp-content\/uploads\/2023\/06\/escaparates-de-verano-catedra-innovacion-comercio-3-225x300.jpg 225w, https:\/\/innovacioncomercio.org\/wp-content\/uploads\/2023\/06\/escaparates-de-verano-catedra-innovacion-comercio-3.jpg 563w\" sizes=\"auto, (max-width: 225px) 100vw, 225px\" \/><\/div><\/div><div class=\"mpc-item\"><div onclick=\"\" class=\"mpc-grid__image mpc-transition\"><img loading=\"lazy\" decoding=\"async\" width=\"240\" height=\"300\" src=\"https:\/\/innovacioncomercio.org\/wp-content\/uploads\/2023\/06\/escaparates-de-verano-catedra-innovacion-comercio-4-240x300.jpg\" class=\"mpc-transition attachment-medium\" alt=\"\" title=\"escaparates de verano - catedra innovacion comercio (4)\" srcset=\"https:\/\/innovacioncomercio.org\/wp-content\/uploads\/2023\/06\/escaparates-de-verano-catedra-innovacion-comercio-4-240x300.jpg 240w, https:\/\/innovacioncomercio.org\/wp-content\/uploads\/2023\/06\/escaparates-de-verano-catedra-innovacion-comercio-4.jpg 564w\" sizes=\"auto, (max-width: 240px) 100vw, 240px\" \/><\/div><\/div><div class=\"mpc-item\"><div onclick=\"\" class=\"mpc-grid__image mpc-transition\"><img loading=\"lazy\" decoding=\"async\" width=\"267\" height=\"300\" src=\"https:\/\/innovacioncomercio.org\/wp-content\/uploads\/2023\/06\/escaparates-de-verano-catedra-innovacion-comercio-5-267x300.jpg\" class=\"mpc-transition attachment-medium\" alt=\"\" title=\"escaparates de verano - catedra innovacion comercio (5)\" srcset=\"https:\/\/innovacioncomercio.org\/wp-content\/uploads\/2023\/06\/escaparates-de-verano-catedra-innovacion-comercio-5-267x300.jpg 267w, https:\/\/innovacioncomercio.org\/wp-content\/uploads\/2023\/06\/escaparates-de-verano-catedra-innovacion-comercio-5.jpg 563w\" sizes=\"auto, (max-width: 267px) 100vw, 267px\" \/><\/div><\/div><div class=\"mpc-item\"><div onclick=\"\" class=\"mpc-grid__image mpc-transition\"><img loading=\"lazy\" decoding=\"async\" width=\"200\" height=\"300\" src=\"https:\/\/innovacioncomercio.org\/wp-content\/uploads\/2023\/06\/escaparates-de-verano-catedra-innovacion-comercio-6-200x300.jpg\" class=\"mpc-transition attachment-medium\" alt=\"\" title=\"escaparates de verano - catedra innovacion comercio (6)\" srcset=\"https:\/\/innovacioncomercio.org\/wp-content\/uploads\/2023\/06\/escaparates-de-verano-catedra-innovacion-comercio-6-200x300.jpg 200w, https:\/\/innovacioncomercio.org\/wp-content\/uploads\/2023\/06\/escaparates-de-verano-catedra-innovacion-comercio-6.jpg 564w\" sizes=\"auto, (max-width: 200px) 100vw, 200px\" \/><\/div><\/div><div class=\"mpc-item\"><div onclick=\"\" class=\"mpc-grid__image mpc-transition\"><img loading=\"lazy\" decoding=\"async\" width=\"300\" height=\"167\" src=\"https:\/\/innovacioncomercio.org\/wp-content\/uploads\/2023\/06\/escaparates-de-verano-catedra-innovacion-comercio-7-300x167.jpg\" class=\"mpc-transition attachment-medium\" alt=\"\" title=\"escaparates de verano - catedra innovacion comercio (7)\" srcset=\"https:\/\/innovacioncomercio.org\/wp-content\/uploads\/2023\/06\/escaparates-de-verano-catedra-innovacion-comercio-7-300x167.jpg 300w, https:\/\/innovacioncomercio.org\/wp-content\/uploads\/2023\/06\/escaparates-de-verano-catedra-innovacion-comercio-7.jpg 564w\" sizes=\"auto, (max-width: 300px) 100vw, 300px\" \/><\/div><\/div><div class=\"mpc-item\"><div onclick=\"\" class=\"mpc-grid__image mpc-transition\"><img loading=\"lazy\" decoding=\"async\" width=\"200\" height=\"300\" src=\"https:\/\/innovacioncomercio.org\/wp-content\/uploads\/2023\/06\/escaparates-de-verano-catedra-innovacion-comercio-8-200x300.jpg\" class=\"mpc-transition attachment-medium\" alt=\"\" title=\"escaparates de verano - catedra innovacion comercio (8)\" srcset=\"https:\/\/innovacioncomercio.org\/wp-content\/uploads\/2023\/06\/escaparates-de-verano-catedra-innovacion-comercio-8-200x300.jpg 200w, https:\/\/innovacioncomercio.org\/wp-content\/uploads\/2023\/06\/escaparates-de-verano-catedra-innovacion-comercio-8.jpg 564w\" sizes=\"auto, (max-width: 200px) 100vw, 200px\" \/><\/div><\/div><div class=\"mpc-item\"><div onclick=\"\" class=\"mpc-grid__image mpc-transition\"><img loading=\"lazy\" decoding=\"async\" width=\"225\" height=\"300\" src=\"https:\/\/innovacioncomercio.org\/wp-content\/uploads\/2023\/06\/escaparates-de-verano-catedra-innovacion-comercio-9-225x300.jpg\" class=\"mpc-transition attachment-medium\" alt=\"\" title=\"escaparates de verano - catedra innovacion comercio (9)\" srcset=\"https:\/\/innovacioncomercio.org\/wp-content\/uploads\/2023\/06\/escaparates-de-verano-catedra-innovacion-comercio-9-225x300.jpg 225w, https:\/\/innovacioncomercio.org\/wp-content\/uploads\/2023\/06\/escaparates-de-verano-catedra-innovacion-comercio-9.jpg 563w\" sizes=\"auto, (max-width: 225px) 100vw, 225px\" \/><\/div><\/div><div class=\"mpc-item\"><div onclick=\"\" class=\"mpc-grid__image mpc-transition\"><img loading=\"lazy\" decoding=\"async\" width=\"300\" height=\"300\" src=\"https:\/\/innovacioncomercio.org\/wp-content\/uploads\/2023\/06\/escaparates-de-verano-catedra-innovacion-comercio-10-300x300.jpg\" class=\"mpc-transition attachment-medium\" alt=\"\" title=\"escaparates de verano - catedra innovacion comercio (10)\" srcset=\"https:\/\/innovacioncomercio.org\/wp-content\/uploads\/2023\/06\/escaparates-de-verano-catedra-innovacion-comercio-10-300x300.jpg 300w, https:\/\/innovacioncomercio.org\/wp-content\/uploads\/2023\/06\/escaparates-de-verano-catedra-innovacion-comercio-10-150x150.jpg 150w, https:\/\/innovacioncomercio.org\/wp-content\/uploads\/2023\/06\/escaparates-de-verano-catedra-innovacion-comercio-10.jpg 564w\" sizes=\"auto, (max-width: 300px) 100vw, 300px\" \/><\/div><\/div><div class=\"mpc-item\"><div onclick=\"\" class=\"mpc-grid__image mpc-transition\"><img loading=\"lazy\" decoding=\"async\" width=\"300\" height=\"150\" src=\"https:\/\/innovacioncomercio.org\/wp-content\/uploads\/2023\/06\/escaparates-de-verano-catedra-innovacion-comercio-12-300x150.jpg\" class=\"mpc-transition attachment-medium\" alt=\"\" title=\"escaparates de verano - catedra innovacion comercio (12)\" srcset=\"https:\/\/innovacioncomercio.org\/wp-content\/uploads\/2023\/06\/escaparates-de-verano-catedra-innovacion-comercio-12-300x150.jpg 300w, https:\/\/innovacioncomercio.org\/wp-content\/uploads\/2023\/06\/escaparates-de-verano-catedra-innovacion-comercio-12.jpg 564w\" sizes=\"auto, (max-width: 300px) 100vw, 300px\" \/><\/div><\/div><div class=\"mpc-item\"><div onclick=\"\" class=\"mpc-grid__image mpc-transition\"><img loading=\"lazy\" decoding=\"async\" width=\"232\" height=\"300\" src=\"https:\/\/innovacioncomercio.org\/wp-content\/uploads\/2023\/06\/escaparates-de-verano-catedra-innovacion-comercio-13-232x300.jpg\" class=\"mpc-transition attachment-medium\" alt=\"\" title=\"escaparates de verano - catedra innovacion comercio (13)\" srcset=\"https:\/\/innovacioncomercio.org\/wp-content\/uploads\/2023\/06\/escaparates-de-verano-catedra-innovacion-comercio-13-232x300.jpg 232w, https:\/\/innovacioncomercio.org\/wp-content\/uploads\/2023\/06\/escaparates-de-verano-catedra-innovacion-comercio-13.jpg 445w\" sizes=\"auto, (max-width: 232px) 100vw, 232px\" \/><\/div><\/div><div class=\"mpc-item\"><div onclick=\"\" class=\"mpc-grid__image mpc-transition\"><img loading=\"lazy\" decoding=\"async\" width=\"300\" height=\"300\" src=\"https:\/\/innovacioncomercio.org\/wp-content\/uploads\/2023\/06\/escaparates-de-verano-catedra-innovacion-comercio-14-300x300.jpg\" class=\"mpc-transition attachment-medium\" alt=\"\" title=\"escaparates de verano - catedra innovacion comercio (14)\" srcset=\"https:\/\/innovacioncomercio.org\/wp-content\/uploads\/2023\/06\/escaparates-de-verano-catedra-innovacion-comercio-14-300x300.jpg 300w, https:\/\/innovacioncomercio.org\/wp-content\/uploads\/2023\/06\/escaparates-de-verano-catedra-innovacion-comercio-14-150x150.jpg 150w, https:\/\/innovacioncomercio.org\/wp-content\/uploads\/2023\/06\/escaparates-de-verano-catedra-innovacion-comercio-14.jpg 564w\" sizes=\"auto, (max-width: 300px) 100vw, 300px\" \/><\/div><\/div><div class=\"mpc-item\"><div onclick=\"\" class=\"mpc-grid__image mpc-transition\"><img loading=\"lazy\" decoding=\"async\" width=\"259\" height=\"300\" src=\"https:\/\/innovacioncomercio.org\/wp-content\/uploads\/2023\/06\/escaparates-de-verano-catedra-innovacion-comercio-15-259x300.jpg\" class=\"mpc-transition attachment-medium\" alt=\"\" title=\"escaparates de verano - catedra innovacion comercio (15)\" srcset=\"https:\/\/innovacioncomercio.org\/wp-content\/uploads\/2023\/06\/escaparates-de-verano-catedra-innovacion-comercio-15-259x300.jpg 259w, https:\/\/innovacioncomercio.org\/wp-content\/uploads\/2023\/06\/escaparates-de-verano-catedra-innovacion-comercio-15.jpg 563w\" sizes=\"auto, (max-width: 259px) 100vw, 259px\" \/><\/div><\/div><div class=\"mpc-item\"><div onclick=\"\" class=\"mpc-grid__image mpc-transition\"><img loading=\"lazy\" decoding=\"async\" width=\"225\" height=\"300\" src=\"https:\/\/innovacioncomercio.org\/wp-content\/uploads\/2023\/06\/escaparates-de-verano-catedra-innovacion-comercio-16-225x300.jpg\" class=\"mpc-transition attachment-medium\" alt=\"\" title=\"escaparates de verano - catedra innovacion comercio (16)\" srcset=\"https:\/\/innovacioncomercio.org\/wp-content\/uploads\/2023\/06\/escaparates-de-verano-catedra-innovacion-comercio-16-225x300.jpg 225w, https:\/\/innovacioncomercio.org\/wp-content\/uploads\/2023\/06\/escaparates-de-verano-catedra-innovacion-comercio-16.jpg 564w\" sizes=\"auto, (max-width: 225px) 100vw, 225px\" \/><\/div><\/div><div class=\"mpc-item\"><div onclick=\"\" class=\"mpc-grid__image mpc-transition\"><img loading=\"lazy\" decoding=\"async\" width=\"240\" height=\"300\" src=\"https:\/\/innovacioncomercio.org\/wp-content\/uploads\/2023\/06\/escaparates-de-verano-catedra-innovacion-comercio-17-240x300.jpg\" class=\"mpc-transition attachment-medium\" alt=\"\" title=\"escaparates de verano - catedra innovacion comercio (17)\" srcset=\"https:\/\/innovacioncomercio.org\/wp-content\/uploads\/2023\/06\/escaparates-de-verano-catedra-innovacion-comercio-17-240x300.jpg 240w, https:\/\/innovacioncomercio.org\/wp-content\/uploads\/2023\/06\/escaparates-de-verano-catedra-innovacion-comercio-17.jpg 564w\" sizes=\"auto, (max-width: 240px) 100vw, 240px\" \/><\/div><\/div><div class=\"mpc-item\"><div onclick=\"\" class=\"mpc-grid__image mpc-transition\"><img loading=\"lazy\" decoding=\"async\" width=\"240\" height=\"300\" src=\"https:\/\/innovacioncomercio.org\/wp-content\/uploads\/2023\/06\/escaparates-de-verano-catedra-innovacion-comercio-18-240x300.jpg\" class=\"mpc-transition attachment-medium\" alt=\"\" title=\"escaparates de verano - catedra innovacion comercio (18)\" srcset=\"https:\/\/innovacioncomercio.org\/wp-content\/uploads\/2023\/06\/escaparates-de-verano-catedra-innovacion-comercio-18-240x300.jpg 240w, https:\/\/innovacioncomercio.org\/wp-content\/uploads\/2023\/06\/escaparates-de-verano-catedra-innovacion-comercio-18.jpg 564w\" sizes=\"auto, (max-width: 240px) 100vw, 240px\" \/><\/div><\/div><\/div>[vc_column_text]<span style=\"font-family: Times New Roman, serif;\"><span style=\"font-size: medium;\"><span style=\"color: #374151;\"><span style=\"font-family: Segoe UI, serif;\">El visual merchandising no solo trata de vender productos, sino de vender una experiencia. Y con el &#8216;SummerVibe&#8217;, puedes vender la experiencia de verano perfecta.<\/span><\/span><\/span><\/span><\/p>\n<p><span style=\"font-family: Times New Roman, serif;\"><span style=\"font-size: medium;\"><span style=\"color: #374151;\"><span style=\"font-family: Segoe UI, serif;\">La experiencia en tienda y la presentaci\u00f3n de productos juegan un papel fundamental en la decisi\u00f3n de compra de los consumidores. Los entornos de tienda tem\u00e1ticos y estacionales, como el &#8216;SummerVibe&#8217; que describimos, aumentan significativamente la probabilidad de compra. Los clientes responden positivamente a las exposiciones que transmiten una experiencia o un &#8220;estado de \u00e1nimo&#8221;, resultando en un mayor tiempo de permanencia en la tienda y una mayor probabilidad de realizar una compra.<\/span><\/span><\/span><\/span><\/p>\n<p><span style=\"font-family: Times New Roman, serif;\"><span style=\"font-size: medium;\"><span style=\"color: #374151;\"><span style=\"font-family: Segoe UI, serif;\">As\u00ed que no dudes en incorporar &#8216;SummerVibe&#8217; en tus exposiciones y prep\u00e1rate para transformar tu tienda en un escaparate para so\u00f1ar este verano.<\/span><\/span><\/span><\/span><\/p>\n<p><a name=\"_GoBack\"><\/a> <span style=\"font-family: Times New Roman, serif;\"><span style=\"font-size: medium;\"><span style=\"color: #374151;\"><span style=\"font-family: Segoe UI, serif;\">Im\u00e1genes v\u00eda Pinterest<\/span><\/span><\/span><\/span>[\/vc_column_text][\/vc_column][\/vc_row][vc_row][vc_column][vc_empty_space][vc_empty_space height=&#8221;15px&#8221;][vc_column_text]Un reciente trabajo de la consultora Deloitte, &#8220;The Power of Storytelling in Retail&#8221; (2021), respalda la eficacia del storytelling en el aumento de ventas. Seg\u00fan este informe, las marcas que utilizan t\u00e9cnicas narrativas en sus estrategias de marketing visual logran un incremento del 12% en sus ventas en comparaci\u00f3n con aquellas que no las emplean. Adem\u00e1s, se ha demostrado que los clientes sienten una mayor conexi\u00f3n emocional con la marca y tienen una mayor probabilidad de volver a la tienda en el futuro.<\/p>\n<p>En conclusi\u00f3n, el storytelling en el visual merchandising es una excelente manera de conectar con tu audiencia y potenciar tus ventas. No subestimes el poder de una buena historia y desata tu creatividad para crear escenas que cautiven a tus clientes.<\/p>\n<p>Im\u00e1genes v\u00eda Pinterest[\/vc_column_text][\/vc_column][\/vc_row][vc_row][vc_column][vc_custom_heading text=&#8221;Ap\u00fantate a nuestra newsletter semanal.&#8221; google_fonts=&#8221;font_family:Montserrat%3Aregular%2C700|font_style:400%20regular%3A400%3Anormal&#8221;]\n                <div class='gf_browser_gecko gform_wrapper' id='gform_wrapper_9' ><form method='post' enctype='multipart\/form-data'  id='gform_9'  action='\/index.php\/wp-json\/wp\/v2\/posts\/3663'> \r\n <input type='hidden' class='gforms-pum' value='{\"closepopup\":false,\"closedelay\":0,\"openpopup\":false,\"openpopup_id\":0}' \/>\n                        <div class='gform_body'><ul id='gform_fields_9' class='gform_fields top_label form_sublabel_below description_below'><li id='field_9_1'  class='gfield field_sublabel_below field_description_below gfield_visibility_visible' ><label class='gfield_label gfield_label_before_complex'  >Nombre<\/label><div class='ginput_complex ginput_container no_prefix has_first_name no_middle_name has_last_name no_suffix gf_name_has_2 ginput_container_name' id='input_9_1'>\n                            \n                            <span id='input_9_1_3_container' class='name_first' >\n                                                    <input type='text' name='input_1.3' id='input_9_1_3' value='' aria-label='Nombre'    aria-invalid=\"false\" \/>\n                                                    <label for='input_9_1_3' >Nombre<\/label>\n                                                <\/span>\n                            \n                            <span id='input_9_1_6_container' class='name_last' >\n                                                    <input type='text' name='input_1.6' id='input_9_1_6' value='' aria-label='Apellidos'    aria-invalid=\"false\" \/>\n                                                    <label for='input_9_1_6' >Apellidos<\/label>\n                                                <\/span>\n                            \n                        <\/div><\/li><li id='field_9_2'  class='gfield gf_left_half field_sublabel_below field_description_below gfield_visibility_visible' ><label class='gfield_label' for='input_9_2' >Nombre del establecimiento<\/label><div class='ginput_container ginput_container_text'><input name='input_2' id='input_9_2' type='text' value='' class='medium'      aria-invalid=\"false\" \/><\/div><\/li><li id='field_9_7'  class='gfield gf_right_half field_sublabel_below field_description_below gfield_visibility_visible' ><label class='gfield_label' for='input_9_7' >Poblaci\u00f3n<\/label><div class='ginput_container ginput_container_text'><input name='input_7' id='input_9_7' type='text' value='' class='medium'      aria-invalid=\"false\" \/><\/div><\/li><li id='field_9_5'  class='gfield gf_middle_third field_sublabel_below field_description_below gfield_visibility_visible' ><label class='gfield_label' for='input_9_5' >Email<\/label><div class='ginput_container ginput_container_email'>\n                            <input name='input_5' id='input_9_5' type='text' value='' class='medium'     aria-invalid=\"false\" \/>\n                        <\/div><\/li><li id='field_9_6'  class='gfield gfield_contains_required field_sublabel_below field_description_below gfield_visibility_visible' ><label class='gfield_label'  >Informaci\u00f3n de protecci\u00f3n de datos<span class='gfield_required'>*<\/span><\/label><div class='ginput_container ginput_container_checkbox'><ul class='gfield_checkbox' id='input_9_6'><li class='gchoice_9_6_1'>\n\t\t\t\t\t\t\t\t<input name='input_6.1' type='checkbox'  value='Acepto y consiento el tratamiento de mis datos personales &lt;a href=&quot;https:\/\/innovacioncomercio.org\/index.php\/advertencias-legales-y-politica-de-privacidad\/&quot;&gt;&lt;u&gt;(Aviso legal y politicas de privacidad y protecci\u00f3n de datos)&lt;\/u&gt;&lt;\/a&gt;.'  id='choice_9_6_1'   \/>\n\t\t\t\t\t\t\t\t<label for='choice_9_6_1' id='label_9_6_1'>Acepto y consiento el tratamiento de mis datos personales <a href=\"https:\/\/innovacioncomercio.org\/index.php\/advertencias-legales-y-politica-de-privacidad\/\"><u>(Aviso legal y politicas de privacidad y protecci\u00f3n de datos)<\/u><\/a>.<\/label>\n\t\t\t\t\t\t\t<\/li><\/ul><\/div><\/li><li id='field_9_8'  class='gfield field_sublabel_below field_description_below gfield_visibility_visible' ><label class='gfield_label' for='input_9_8' >CAPTCHA<\/label><div id='input_9_8' class='ginput_container ginput_recaptcha' data-sitekey='6LdrEQ4pAAAAANeWXEIdVNH_86d76S-Xi3lhFfKK'  data-theme='light' data-tabindex='0'  data-badge=''><\/div><\/li>\n                            <\/ul><\/div>\n        <div class='gform_footer top_label'> <input type='submit' id='gform_submit_button_9' class='gform_button button' value='Enviar'  onclick='if(window[\"gf_submitting_9\"]){return false;}  window[\"gf_submitting_9\"]=true;  ' onkeypress='if( event.keyCode == 13 ){ if(window[\"gf_submitting_9\"]){return false;} window[\"gf_submitting_9\"]=true;  jQuery(\"#gform_9\").trigger(\"submit\",[true]); }' \/> \n            <input type='hidden' class='gform_hidden' name='is_submit_9' value='1' \/>\n            <input type='hidden' class='gform_hidden' name='gform_submit' value='9' \/>\n            \n            <input type='hidden' class='gform_hidden' name='gform_unique_id' value='' \/>\n            <input type='hidden' class='gform_hidden' name='state_9' value='WyJbXSIsImJmMjUyNjhlNzlhMmFhNmU1MjRhZTZiMDRiNWE3NTBlIl0=' \/>\n            <input type='hidden' class='gform_hidden' name='gform_target_page_number_9' id='gform_target_page_number_9' value='0' \/>\n            <input type='hidden' class='gform_hidden' name='gform_source_page_number_9' id='gform_source_page_number_9' value='1' \/>\n            <input type='hidden' name='gform_field_values' value='' \/>\n            \n        <\/div>\n                        <\/form>\n                        <\/div><script type='text\/javascript'> jQuery(document).bind('gform_post_render', function(event, formId, currentPage){if(formId == 9) {} } );jQuery(document).bind('gform_post_conditional_logic', function(event, formId, fields, isInit){} );<\/script><script type='text\/javascript'> jQuery(document).ready(function(){jQuery(document).trigger('gform_post_render', [9, 1]) } ); <\/script>[\/vc_column][\/vc_row]\n<\/div>","protected":false},"excerpt":{"rendered":"[vc_row][vc_column][vc_column_text]\u00bfQuieres darle un giro veraniego a tu tienda? \u00bfDeseas transformar tu espacio en un escaparate donde los clientes sue\u00f1en despiertos? Te presentamos el &#8216;SummerVibe&#8217;, una estrategia de visual merchandising que enciende la chispa de los meses m\u00e1s c\u00e1lidos del a\u00f1o en tus exposiciones. El visual merchandising es un arte. Un arte que, cuando se hace<\/p>\n","protected":false},"author":1,"featured_media":3681,"comment_status":"closed","ping_status":"open","sticky":false,"template":"","format":"standard","meta":{"_bbp_topic_count":0,"_bbp_reply_count":0,"_bbp_total_topic_count":0,"_bbp_total_reply_count":0,"_bbp_voice_count":0,"_bbp_anonymous_reply_count":0,"_bbp_topic_count_hidden":0,"_bbp_reply_count_hidden":0,"_bbp_forum_subforum_count":0,"content-type":"","footnotes":""},"categories":[13,12,17],"tags":[],"class_list":["post-3663","post","type-post","status-publish","format-standard","has-post-thumbnail","hentry","category-comercio-fisico","category-marketing-visual","category-merchandising"],"yoast_head":"<!-- This site is optimized with the Yoast SEO Premium plugin v19.2.1 (Yoast SEO v27.5) - https:\/\/yoast.com\/product\/yoast-seo-premium-wordpress\/ -->\n<title>&#039;SummerVibe&#039;: transforma tus exposiciones de verano en escaparates para so\u00f1ar<\/title>\n<meta name=\"description\" content=\"El marketing olfativo se ha convertido en una herramienta importante para que las empresas lo utilicen para crear una experiencia memorable.\" \/>\n<meta name=\"robots\" content=\"index, follow, max-snippet:-1, max-image-preview:large, max-video-preview:-1\" \/>\n<link rel=\"canonical\" href=\"https:\/\/innovacioncomercio.org\/index.php\/2023\/07\/03\/summervibe-transforma-tus-exposiciones-de-verano-en-escaparates-para-sonar\/\" \/>\n<meta property=\"og:locale\" content=\"es_ES\" \/>\n<meta property=\"og:type\" content=\"article\" \/>\n<meta property=\"og:title\" content=\"&#039;SummerVibe&#039;: transforma tus exposiciones de verano en escaparates para so\u00f1ar\" \/>\n<meta property=\"og:description\" content=\"El marketing olfativo se ha convertido en una herramienta importante para que las empresas lo utilicen para crear una experiencia memorable.\" \/>\n<meta property=\"og:url\" content=\"https:\/\/innovacioncomercio.org\/index.php\/2023\/07\/03\/summervibe-transforma-tus-exposiciones-de-verano-en-escaparates-para-sonar\/\" \/>\n<meta property=\"og:site_name\" content=\"INNOVACION COMERCIO\" \/>\n<meta property=\"article:published_time\" content=\"2023-07-02T22:48:49+00:00\" \/>\n<meta property=\"og:image\" content=\"https:\/\/innovacioncomercio.org\/wp-content\/uploads\/2023\/06\/escaparates-de-verano-catedra-innovacion-comercio-18.jpg\" \/>\n\t<meta property=\"og:image:width\" content=\"564\" \/>\n\t<meta property=\"og:image:height\" content=\"705\" \/>\n\t<meta property=\"og:image:type\" content=\"image\/jpeg\" \/>\n<meta name=\"author\" content=\"admin@innovacioncomercio.org\" \/>\n<meta name=\"twitter:card\" content=\"summary_large_image\" \/>\n<meta name=\"twitter:label1\" content=\"Escrito por\" \/>\n\t<meta name=\"twitter:data1\" content=\"admin@innovacioncomercio.org\" \/>\n\t<meta name=\"twitter:label2\" content=\"Tiempo de lectura\" \/>\n\t<meta name=\"twitter:data2\" content=\"3 minutos\" \/>\n<script type=\"application\/ld+json\" class=\"yoast-schema-graph\">{\"@context\":\"https:\\\/\\\/schema.org\",\"@graph\":[{\"@type\":\"Article\",\"@id\":\"https:\\\/\\\/innovacioncomercio.org\\\/index.php\\\/2023\\\/07\\\/03\\\/summervibe-transforma-tus-exposiciones-de-verano-en-escaparates-para-sonar\\\/#article\",\"isPartOf\":{\"@id\":\"https:\\\/\\\/innovacioncomercio.org\\\/index.php\\\/2023\\\/07\\\/03\\\/summervibe-transforma-tus-exposiciones-de-verano-en-escaparates-para-sonar\\\/\"},\"author\":{\"name\":\"admin@innovacioncomercio.org\",\"@id\":\"https:\\\/\\\/innovacioncomercio.org\\\/#\\\/schema\\\/person\\\/6d92bb28a9c893f0f2be4434f32f554b\"},\"headline\":\"&#8216;SummerVibe&#8217;: transforma tus exposiciones de verano en escaparates para so\u00f1ar\",\"datePublished\":\"2023-07-02T22:48:49+00:00\",\"mainEntityOfPage\":{\"@id\":\"https:\\\/\\\/innovacioncomercio.org\\\/index.php\\\/2023\\\/07\\\/03\\\/summervibe-transforma-tus-exposiciones-de-verano-en-escaparates-para-sonar\\\/\"},\"wordCount\":666,\"image\":{\"@id\":\"https:\\\/\\\/innovacioncomercio.org\\\/index.php\\\/2023\\\/07\\\/03\\\/summervibe-transforma-tus-exposiciones-de-verano-en-escaparates-para-sonar\\\/#primaryimage\"},\"thumbnailUrl\":\"https:\\\/\\\/innovacioncomercio.org\\\/wp-content\\\/uploads\\\/2023\\\/06\\\/escaparates-de-verano-catedra-innovacion-comercio-18.jpg\",\"articleSection\":[\"Comercio f\u00edsico\",\"Marketing Visual\",\"Merchandising\"],\"inLanguage\":\"es\"},{\"@type\":\"WebPage\",\"@id\":\"https:\\\/\\\/innovacioncomercio.org\\\/index.php\\\/2023\\\/07\\\/03\\\/summervibe-transforma-tus-exposiciones-de-verano-en-escaparates-para-sonar\\\/\",\"url\":\"https:\\\/\\\/innovacioncomercio.org\\\/index.php\\\/2023\\\/07\\\/03\\\/summervibe-transforma-tus-exposiciones-de-verano-en-escaparates-para-sonar\\\/\",\"name\":\"'SummerVibe': transforma tus exposiciones de verano en escaparates para so\u00f1ar\",\"isPartOf\":{\"@id\":\"https:\\\/\\\/innovacioncomercio.org\\\/#website\"},\"primaryImageOfPage\":{\"@id\":\"https:\\\/\\\/innovacioncomercio.org\\\/index.php\\\/2023\\\/07\\\/03\\\/summervibe-transforma-tus-exposiciones-de-verano-en-escaparates-para-sonar\\\/#primaryimage\"},\"image\":{\"@id\":\"https:\\\/\\\/innovacioncomercio.org\\\/index.php\\\/2023\\\/07\\\/03\\\/summervibe-transforma-tus-exposiciones-de-verano-en-escaparates-para-sonar\\\/#primaryimage\"},\"thumbnailUrl\":\"https:\\\/\\\/innovacioncomercio.org\\\/wp-content\\\/uploads\\\/2023\\\/06\\\/escaparates-de-verano-catedra-innovacion-comercio-18.jpg\",\"datePublished\":\"2023-07-02T22:48:49+00:00\",\"author\":{\"@id\":\"https:\\\/\\\/innovacioncomercio.org\\\/#\\\/schema\\\/person\\\/6d92bb28a9c893f0f2be4434f32f554b\"},\"description\":\"El marketing olfativo se ha convertido en una herramienta importante para que las empresas lo utilicen para crear una experiencia memorable.\",\"breadcrumb\":{\"@id\":\"https:\\\/\\\/innovacioncomercio.org\\\/index.php\\\/2023\\\/07\\\/03\\\/summervibe-transforma-tus-exposiciones-de-verano-en-escaparates-para-sonar\\\/#breadcrumb\"},\"inLanguage\":\"es\",\"potentialAction\":[{\"@type\":\"ReadAction\",\"target\":[\"https:\\\/\\\/innovacioncomercio.org\\\/index.php\\\/2023\\\/07\\\/03\\\/summervibe-transforma-tus-exposiciones-de-verano-en-escaparates-para-sonar\\\/\"]}]},{\"@type\":\"ImageObject\",\"inLanguage\":\"es\",\"@id\":\"https:\\\/\\\/innovacioncomercio.org\\\/index.php\\\/2023\\\/07\\\/03\\\/summervibe-transforma-tus-exposiciones-de-verano-en-escaparates-para-sonar\\\/#primaryimage\",\"url\":\"https:\\\/\\\/innovacioncomercio.org\\\/wp-content\\\/uploads\\\/2023\\\/06\\\/escaparates-de-verano-catedra-innovacion-comercio-18.jpg\",\"contentUrl\":\"https:\\\/\\\/innovacioncomercio.org\\\/wp-content\\\/uploads\\\/2023\\\/06\\\/escaparates-de-verano-catedra-innovacion-comercio-18.jpg\",\"width\":564,\"height\":705},{\"@type\":\"BreadcrumbList\",\"@id\":\"https:\\\/\\\/innovacioncomercio.org\\\/index.php\\\/2023\\\/07\\\/03\\\/summervibe-transforma-tus-exposiciones-de-verano-en-escaparates-para-sonar\\\/#breadcrumb\",\"itemListElement\":[{\"@type\":\"ListItem\",\"position\":1,\"name\":\"Portada\",\"item\":\"https:\\\/\\\/innovacioncomercio.org\\\/\"},{\"@type\":\"ListItem\",\"position\":2,\"name\":\"&#8216;SummerVibe&#8217;: transforma tus exposiciones de verano en escaparates para so\u00f1ar\"}]},{\"@type\":\"WebSite\",\"@id\":\"https:\\\/\\\/innovacioncomercio.org\\\/#website\",\"url\":\"https:\\\/\\\/innovacioncomercio.org\\\/\",\"name\":\"INNOVACION COMERCIO\",\"description\":\"C\u00e1tedra de Innovaci\u00f3n para el Comercio\",\"potentialAction\":[{\"@type\":\"SearchAction\",\"target\":{\"@type\":\"EntryPoint\",\"urlTemplate\":\"https:\\\/\\\/innovacioncomercio.org\\\/?s={search_term_string}\"},\"query-input\":{\"@type\":\"PropertyValueSpecification\",\"valueRequired\":true,\"valueName\":\"search_term_string\"}}],\"inLanguage\":\"es\"},{\"@type\":\"Person\",\"@id\":\"https:\\\/\\\/innovacioncomercio.org\\\/#\\\/schema\\\/person\\\/6d92bb28a9c893f0f2be4434f32f554b\",\"name\":\"admin@innovacioncomercio.org\",\"image\":{\"@type\":\"ImageObject\",\"inLanguage\":\"es\",\"@id\":\"https:\\\/\\\/secure.gravatar.com\\\/avatar\\\/26d81e70e64bedc5c9682c4fec4cffa792c7433b66299bcf38ed578f850156b7?s=96&d=mm&r=g\",\"url\":\"https:\\\/\\\/secure.gravatar.com\\\/avatar\\\/26d81e70e64bedc5c9682c4fec4cffa792c7433b66299bcf38ed578f850156b7?s=96&d=mm&r=g\",\"contentUrl\":\"https:\\\/\\\/secure.gravatar.com\\\/avatar\\\/26d81e70e64bedc5c9682c4fec4cffa792c7433b66299bcf38ed578f850156b7?s=96&d=mm&r=g\",\"caption\":\"admin@innovacioncomercio.org\"},\"sameAs\":[\"http:\\\/\\\/innovacioncomercio.org\"],\"url\":\"https:\\\/\\\/innovacioncomercio.org\\\/index.php\\\/author\\\/admininnovacioncomercio-org\\\/\"}]}<\/script>\n<!-- \/ Yoast SEO Premium plugin. -->","yoast_head_json":{"title":"'SummerVibe': transforma tus exposiciones de verano en escaparates para so\u00f1ar","description":"El marketing olfativo se ha convertido en una herramienta importante para que las empresas lo utilicen para crear una experiencia memorable.","robots":{"index":"index","follow":"follow","max-snippet":"max-snippet:-1","max-image-preview":"max-image-preview:large","max-video-preview":"max-video-preview:-1"},"canonical":"https:\/\/innovacioncomercio.org\/index.php\/2023\/07\/03\/summervibe-transforma-tus-exposiciones-de-verano-en-escaparates-para-sonar\/","og_locale":"es_ES","og_type":"article","og_title":"'SummerVibe': transforma tus exposiciones de verano en escaparates para so\u00f1ar","og_description":"El marketing olfativo se ha convertido en una herramienta importante para que las empresas lo utilicen para crear una experiencia memorable.","og_url":"https:\/\/innovacioncomercio.org\/index.php\/2023\/07\/03\/summervibe-transforma-tus-exposiciones-de-verano-en-escaparates-para-sonar\/","og_site_name":"INNOVACION COMERCIO","article_published_time":"2023-07-02T22:48:49+00:00","og_image":[{"width":564,"height":705,"url":"https:\/\/innovacioncomercio.org\/wp-content\/uploads\/2023\/06\/escaparates-de-verano-catedra-innovacion-comercio-18.jpg","type":"image\/jpeg"}],"author":"admin@innovacioncomercio.org","twitter_card":"summary_large_image","twitter_misc":{"Escrito por":"admin@innovacioncomercio.org","Tiempo de lectura":"3 minutos"},"schema":{"@context":"https:\/\/schema.org","@graph":[{"@type":"Article","@id":"https:\/\/innovacioncomercio.org\/index.php\/2023\/07\/03\/summervibe-transforma-tus-exposiciones-de-verano-en-escaparates-para-sonar\/#article","isPartOf":{"@id":"https:\/\/innovacioncomercio.org\/index.php\/2023\/07\/03\/summervibe-transforma-tus-exposiciones-de-verano-en-escaparates-para-sonar\/"},"author":{"name":"admin@innovacioncomercio.org","@id":"https:\/\/innovacioncomercio.org\/#\/schema\/person\/6d92bb28a9c893f0f2be4434f32f554b"},"headline":"&#8216;SummerVibe&#8217;: transforma tus exposiciones de verano en escaparates para so\u00f1ar","datePublished":"2023-07-02T22:48:49+00:00","mainEntityOfPage":{"@id":"https:\/\/innovacioncomercio.org\/index.php\/2023\/07\/03\/summervibe-transforma-tus-exposiciones-de-verano-en-escaparates-para-sonar\/"},"wordCount":666,"image":{"@id":"https:\/\/innovacioncomercio.org\/index.php\/2023\/07\/03\/summervibe-transforma-tus-exposiciones-de-verano-en-escaparates-para-sonar\/#primaryimage"},"thumbnailUrl":"https:\/\/innovacioncomercio.org\/wp-content\/uploads\/2023\/06\/escaparates-de-verano-catedra-innovacion-comercio-18.jpg","articleSection":["Comercio f\u00edsico","Marketing Visual","Merchandising"],"inLanguage":"es"},{"@type":"WebPage","@id":"https:\/\/innovacioncomercio.org\/index.php\/2023\/07\/03\/summervibe-transforma-tus-exposiciones-de-verano-en-escaparates-para-sonar\/","url":"https:\/\/innovacioncomercio.org\/index.php\/2023\/07\/03\/summervibe-transforma-tus-exposiciones-de-verano-en-escaparates-para-sonar\/","name":"'SummerVibe': transforma tus exposiciones de verano en escaparates para so\u00f1ar","isPartOf":{"@id":"https:\/\/innovacioncomercio.org\/#website"},"primaryImageOfPage":{"@id":"https:\/\/innovacioncomercio.org\/index.php\/2023\/07\/03\/summervibe-transforma-tus-exposiciones-de-verano-en-escaparates-para-sonar\/#primaryimage"},"image":{"@id":"https:\/\/innovacioncomercio.org\/index.php\/2023\/07\/03\/summervibe-transforma-tus-exposiciones-de-verano-en-escaparates-para-sonar\/#primaryimage"},"thumbnailUrl":"https:\/\/innovacioncomercio.org\/wp-content\/uploads\/2023\/06\/escaparates-de-verano-catedra-innovacion-comercio-18.jpg","datePublished":"2023-07-02T22:48:49+00:00","author":{"@id":"https:\/\/innovacioncomercio.org\/#\/schema\/person\/6d92bb28a9c893f0f2be4434f32f554b"},"description":"El marketing olfativo se ha convertido en una herramienta importante para que las empresas lo utilicen para crear una experiencia memorable.","breadcrumb":{"@id":"https:\/\/innovacioncomercio.org\/index.php\/2023\/07\/03\/summervibe-transforma-tus-exposiciones-de-verano-en-escaparates-para-sonar\/#breadcrumb"},"inLanguage":"es","potentialAction":[{"@type":"ReadAction","target":["https:\/\/innovacioncomercio.org\/index.php\/2023\/07\/03\/summervibe-transforma-tus-exposiciones-de-verano-en-escaparates-para-sonar\/"]}]},{"@type":"ImageObject","inLanguage":"es","@id":"https:\/\/innovacioncomercio.org\/index.php\/2023\/07\/03\/summervibe-transforma-tus-exposiciones-de-verano-en-escaparates-para-sonar\/#primaryimage","url":"https:\/\/innovacioncomercio.org\/wp-content\/uploads\/2023\/06\/escaparates-de-verano-catedra-innovacion-comercio-18.jpg","contentUrl":"https:\/\/innovacioncomercio.org\/wp-content\/uploads\/2023\/06\/escaparates-de-verano-catedra-innovacion-comercio-18.jpg","width":564,"height":705},{"@type":"BreadcrumbList","@id":"https:\/\/innovacioncomercio.org\/index.php\/2023\/07\/03\/summervibe-transforma-tus-exposiciones-de-verano-en-escaparates-para-sonar\/#breadcrumb","itemListElement":[{"@type":"ListItem","position":1,"name":"Portada","item":"https:\/\/innovacioncomercio.org\/"},{"@type":"ListItem","position":2,"name":"&#8216;SummerVibe&#8217;: transforma tus exposiciones de verano en escaparates para so\u00f1ar"}]},{"@type":"WebSite","@id":"https:\/\/innovacioncomercio.org\/#website","url":"https:\/\/innovacioncomercio.org\/","name":"INNOVACION COMERCIO","description":"C\u00e1tedra de Innovaci\u00f3n para el Comercio","potentialAction":[{"@type":"SearchAction","target":{"@type":"EntryPoint","urlTemplate":"https:\/\/innovacioncomercio.org\/?s={search_term_string}"},"query-input":{"@type":"PropertyValueSpecification","valueRequired":true,"valueName":"search_term_string"}}],"inLanguage":"es"},{"@type":"Person","@id":"https:\/\/innovacioncomercio.org\/#\/schema\/person\/6d92bb28a9c893f0f2be4434f32f554b","name":"admin@innovacioncomercio.org","image":{"@type":"ImageObject","inLanguage":"es","@id":"https:\/\/secure.gravatar.com\/avatar\/26d81e70e64bedc5c9682c4fec4cffa792c7433b66299bcf38ed578f850156b7?s=96&d=mm&r=g","url":"https:\/\/secure.gravatar.com\/avatar\/26d81e70e64bedc5c9682c4fec4cffa792c7433b66299bcf38ed578f850156b7?s=96&d=mm&r=g","contentUrl":"https:\/\/secure.gravatar.com\/avatar\/26d81e70e64bedc5c9682c4fec4cffa792c7433b66299bcf38ed578f850156b7?s=96&d=mm&r=g","caption":"admin@innovacioncomercio.org"},"sameAs":["http:\/\/innovacioncomercio.org"],"url":"https:\/\/innovacioncomercio.org\/index.php\/author\/admininnovacioncomercio-org\/"}]}},"_links":{"self":[{"href":"https:\/\/innovacioncomercio.org\/index.php\/wp-json\/wp\/v2\/posts\/3663","targetHints":{"allow":["GET"]}}],"collection":[{"href":"https:\/\/innovacioncomercio.org\/index.php\/wp-json\/wp\/v2\/posts"}],"about":[{"href":"https:\/\/innovacioncomercio.org\/index.php\/wp-json\/wp\/v2\/types\/post"}],"author":[{"embeddable":true,"href":"https:\/\/innovacioncomercio.org\/index.php\/wp-json\/wp\/v2\/users\/1"}],"replies":[{"embeddable":true,"href":"https:\/\/innovacioncomercio.org\/index.php\/wp-json\/wp\/v2\/comments?post=3663"}],"version-history":[{"count":1,"href":"https:\/\/innovacioncomercio.org\/index.php\/wp-json\/wp\/v2\/posts\/3663\/revisions"}],"predecessor-version":[{"id":3682,"href":"https:\/\/innovacioncomercio.org\/index.php\/wp-json\/wp\/v2\/posts\/3663\/revisions\/3682"}],"wp:featuredmedia":[{"embeddable":true,"href":"https:\/\/innovacioncomercio.org\/index.php\/wp-json\/wp\/v2\/media\/3681"}],"wp:attachment":[{"href":"https:\/\/innovacioncomercio.org\/index.php\/wp-json\/wp\/v2\/media?parent=3663"}],"wp:term":[{"taxonomy":"category","embeddable":true,"href":"https:\/\/innovacioncomercio.org\/index.php\/wp-json\/wp\/v2\/categories?post=3663"},{"taxonomy":"post_tag","embeddable":true,"href":"https:\/\/innovacioncomercio.org\/index.php\/wp-json\/wp\/v2\/tags?post=3663"}],"curies":[{"name":"wp","href":"https:\/\/api.w.org\/{rel}","templated":true}]}}