{"id":3848,"date":"2023-11-08T14:26:11","date_gmt":"2023-11-08T12:26:11","guid":{"rendered":"https:\/\/innovacioncomercio.org\/?p=3848"},"modified":"2023-11-08T14:52:23","modified_gmt":"2023-11-08T12:52:23","slug":"innovando-en-retail-tendencias-paletas-de-colores-y-moodboards-para-el-2024","status":"publish","type":"post","link":"https:\/\/innovacioncomercio.org\/index.php\/2023\/11\/08\/innovando-en-retail-tendencias-paletas-de-colores-y-moodboards-para-el-2024\/","title":{"rendered":"Innovando en retail: tendencias paletas de colores y moodboards para el 2024"},"content":{"rendered":"<div class=\"wpb-content-wrapper\">[vc_row][vc_column][vc_column_text]<span style=\"color: #374151;\"><span style=\"font-family: Segoe UI, serif;\"><span style=\"font-size: medium;\">El dise\u00f1o estrat\u00e9gico en el mundo del retail no solo trata de espacios y funcionalidades, sino tambi\u00e9n de una narrativa visual poderosa que comienza con el color. En 2024, seg\u00fan las tendencias proyectadas por <\/span><\/span><\/span><span style=\"font-family: Segoe UI, serif;\"><span style=\"font-size: medium;\"><b><span style=\"color: #374151;\">WGSN<\/span><\/b><\/span><\/span><span style=\"color: #374151;\"><span style=\"font-family: Segoe UI, serif;\"><span style=\"font-size: medium;\"> en colaboraci\u00f3n con <\/span><\/span><\/span><span style=\"font-family: Segoe UI, serif;\"><span style=\"font-size: medium;\"><b><span style=\"color: #374151;\">Coloro<\/span><\/b><\/span><\/span><span style=\"color: #374151;\"><span style=\"font-family: Segoe UI, serif;\"><span style=\"font-size: medium;\">, estamos al borde de una paleta revolucionaria que promete transformar el paisaje del retail.<\/span><\/span><\/span><\/p>\n<p><span style=\"font-family: Segoe UI, serif;\"><span style=\"font-size: large;\"><b>\u00bfQu\u00e9 es un Moodboard y C\u00f3mo Define las Tendencias de Color?<\/b><\/span><\/span><\/p>\n<p><span style=\"color: #374151;\"><span style=\"font-family: Segoe UI, serif;\"><span style=\"font-size: medium;\">Un moodboard es una herramienta esencial en el dise\u00f1o estrat\u00e9gico retail, utilizada para visualizar la direcci\u00f3n est\u00e9tica de un proyecto. Es un collage de im\u00e1genes, texturas, y muestras de colores que conjuntamente comunican una nueva tendencia o concepto de dise\u00f1o. Sirve como fuente de inspiraci\u00f3n y punto de referencia para todas las decisiones de dise\u00f1o que siguen.<\/span><\/span><\/span>[\/vc_column_text][vc_empty_space][vc_row_inner][vc_column_inner width=&#8221;1\/2&#8243;][vc_single_image image=&#8221;3849&#8243; img_size=&#8221;&#8221;][\/vc_column_inner][vc_column_inner width=&#8221;1\/2&#8243;][vc_single_image image=&#8221;3850&#8243; img_size=&#8221;&#8221;][\/vc_column_inner][\/vc_row_inner][vc_empty_space][vc_column_text]<span style=\"font-family: Segoe UI, serif;\"><span style=\"font-size: large;\"><b>Las Tendencias Crom\u00e1ticas que Modelar\u00e1n el 2024<\/b><\/span><\/span><\/p>\n<p><span style=\"color: #374151;\"><span style=\"font-family: Segoe UI, serif;\"><span style=\"font-size: medium;\">La <\/span><\/span><\/span><span style=\"font-family: Segoe UI, serif;\"><span style=\"font-size: medium;\"><b><span style=\"color: #374151;\">ventana al futuro del color<\/span><\/b><\/span><\/span><span style=\"color: #374151;\"><span style=\"font-family: Segoe UI, serif;\"><span style=\"font-size: medium;\"> se abre para revelarnos una gama que va desde lo psicod\u00e9lico hasta los pasteles m\u00e1s sutiles. Estos son los colores que liderar\u00e1n el camino:<\/span><\/span><\/span><\/p>\n<ul>\n<li><span style=\"font-family: Segoe UI, serif;\"><span style=\"font-size: medium;\"><b><span style=\"color: #374151;\">Ciber Lima:<\/span><\/b><\/span><\/span><span style=\"color: #374151;\"><span style=\"font-family: Segoe UI, serif;\"><span style=\"font-size: medium;\"> Vibrante y estimulante, este verde casi ne\u00f3n simboliza la fusi\u00f3n de la naturaleza con la tecnolog\u00eda, ofreciendo un golpe visual energ\u00e9tico en los espacios de retail.<\/span><\/span><\/span><\/li>\n<li><span style=\"font-family: Segoe UI, serif;\"><span style=\"font-size: medium;\"><b><span style=\"color: #374151;\">Rojo Radiante:<\/span><\/b><\/span><\/span><span style=\"color: #374151;\"><span style=\"font-family: Segoe UI, serif;\"><span style=\"font-size: medium;\"> Juguet\u00f3n y placentero, es un color que transita sin esfuerzo del mundo natural al digital, promoviendo ambientes de cuidado y conexi\u00f3n comunitaria.<\/span><\/span><\/span><\/li>\n<li><span style=\"font-family: Segoe UI, serif;\"><span style=\"font-size: medium;\"><b><span style=\"color: #374151;\">Azul Elemental:<\/span><\/b><\/span><\/span><span style=\"color: #374151;\"><span style=\"font-family: Segoe UI, serif;\"><span style=\"font-size: medium;\"> Representa la calma y la moderaci\u00f3n, perfecto para espacios que buscan equilibrar la vida laboral y personal con una est\u00e9tica sensata y sofisticada.<\/span><\/span><\/span><\/li>\n<li><span style=\"font-family: Segoe UI, serif;\"><span style=\"font-size: medium;\"><b><span style=\"color: #374151;\">Rosa Fondant:<\/span><\/b><\/span><\/span><span style=\"color: #374151;\"><span style=\"font-family: Segoe UI, serif;\"><span style=\"font-size: medium;\"> Un pastel pigmentado que induce deleite, ideal para crear atm\u00f3sferas juveniles y tranquilas en el comercio minorista.<\/span><\/span><\/span><\/li>\n<li><span style=\"font-family: Segoe UI, serif;\"><span style=\"font-size: medium;\"><b><span style=\"color: #374151;\">C\u00e1scara de Nuez:<\/span><\/b><\/span><\/span><span style=\"color: #374151;\"><span style=\"font-family: Segoe UI, serif;\"><span style=\"font-size: medium;\"> Un marr\u00f3n c\u00e1lido y transicional, este tono habla de autenticidad y artesan\u00eda, ofreciendo un confort visual en tiendas que buscan evocar nostalgia y sostenibilidad.<\/span><\/span><\/span><\/li>\n<li><span style=\"font-family: Segoe UI, serif;\"><span style=\"font-size: medium;\"><b><span style=\"color: #374151;\">Hoja de Salvia:<\/span><\/b><\/span><\/span><span style=\"color: #374151;\"><span style=\"font-family: Segoe UI, serif;\"><span style=\"font-size: medium;\"> Un verde sereno que promueve la contemplaci\u00f3n y reduce el estr\u00e9s, perfecto para dise\u00f1os considerados y ambientes tranquilos.<\/span><\/span><\/span><\/li>\n<li><span style=\"font-family: Segoe UI, serif;\"><span style=\"font-size: medium;\"><b><span style=\"color: #374151;\">Albaricoque:<\/span><\/b><\/span><\/span><span style=\"color: #374151;\"><span style=\"font-family: Segoe UI, serif;\"><span style=\"font-size: medium;\"> Este naranja medio tono se alinea con estilos de vida equilibrados y ser\u00e1 prominente en textiles y productos de bienestar.<\/span><\/span><\/span><\/li>\n<li><span style=\"font-family: Segoe UI, serif;\"><span style=\"font-size: medium;\"><b><span style=\"color: #374151;\">Cobalto Gal\u00e1ctico:<\/span><\/b><\/span><\/span><span style=\"color: #374151;\"><span style=\"font-family: Segoe UI, serif;\"><span style=\"font-size: medium;\"> Un tono digital intenso que se inspira en la nueva Era Espacial y promete versatilidad en aplicaciones activas y tecnol\u00f3gicas.<\/span><\/span><\/span><\/li>\n<li><span style=\"font-family: Segoe UI, serif;\"><span style=\"font-size: medium;\"><b><span style=\"color: #374151;\">Polvo de Astro:<\/span><\/b><\/span><\/span><span style=\"color: #374151;\"><span style=\"font-family: Segoe UI, serif;\"><span style=\"font-size: medium;\"> Este rojo medio conecta con la exploraci\u00f3n espacial y simboliza el deseo de aventura y exploraci\u00f3n.<\/span><\/span><\/span><\/li>\n<li><span style=\"font-family: Segoe UI, serif;\"><span style=\"font-size: medium;\"><b><span style=\"color: #374151;\">Lavanda Digital:<\/span><\/b><\/span><\/span><span style=\"color: #374151;\"><span style=\"font-family: Segoe UI, serif;\"><span style=\"font-size: medium;\"> Un tono pastel que ofrece consuelo y tranquilidad, continuando la tendencia de tonos sutiles en l\u00ednea con la presencia digital.<\/span><\/span><\/span><\/li>\n<\/ul>\n[\/vc_column_text][vc_empty_space]<div id=\"mpc_grid_images-9969f705525ad3d\" class=\"mpc-grid-images mpc-init mpc-effect--none \"  data-grid-cols=\"4\"><div class=\"mpc-item\"><div onclick=\"\" class=\"mpc-grid__image mpc-transition\"><img loading=\"lazy\" decoding=\"async\" width=\"300\" height=\"188\" src=\"https:\/\/innovacioncomercio.org\/wp-content\/uploads\/2023\/11\/tendencias-colores-2014-catedra-innovacion-comercio-3-300x188.png\" class=\"mpc-transition attachment-medium\" alt=\"\" title=\"tendencias colores 2014 - catedra innovacion comercio (3)\" srcset=\"https:\/\/innovacioncomercio.org\/wp-content\/uploads\/2023\/11\/tendencias-colores-2014-catedra-innovacion-comercio-3-300x188.png 300w, https:\/\/innovacioncomercio.org\/wp-content\/uploads\/2023\/11\/tendencias-colores-2014-catedra-innovacion-comercio-3-768x480.png 768w, https:\/\/innovacioncomercio.org\/wp-content\/uploads\/2023\/11\/tendencias-colores-2014-catedra-innovacion-comercio-3.png 1024w\" sizes=\"auto, (max-width: 300px) 100vw, 300px\" \/><\/div><\/div><div class=\"mpc-item\"><div onclick=\"\" class=\"mpc-grid__image mpc-transition\"><img loading=\"lazy\" decoding=\"async\" width=\"300\" height=\"300\" src=\"https:\/\/innovacioncomercio.org\/wp-content\/uploads\/2023\/11\/tendencias-colores-2014-catedra-innovacion-comercio-1-300x300.png\" class=\"mpc-transition attachment-medium\" alt=\"\" title=\"tendencias colores 2014 - catedra innovacion comercio (1)\" srcset=\"https:\/\/innovacioncomercio.org\/wp-content\/uploads\/2023\/11\/tendencias-colores-2014-catedra-innovacion-comercio-1-300x300.png 300w, https:\/\/innovacioncomercio.org\/wp-content\/uploads\/2023\/11\/tendencias-colores-2014-catedra-innovacion-comercio-1-150x150.png 150w, https:\/\/innovacioncomercio.org\/wp-content\/uploads\/2023\/11\/tendencias-colores-2014-catedra-innovacion-comercio-1-768x768.png 768w, https:\/\/innovacioncomercio.org\/wp-content\/uploads\/2023\/11\/tendencias-colores-2014-catedra-innovacion-comercio-1.png 1024w\" sizes=\"auto, (max-width: 300px) 100vw, 300px\" \/><\/div><\/div><div class=\"mpc-item\"><div onclick=\"\" class=\"mpc-grid__image mpc-transition\"><img loading=\"lazy\" decoding=\"async\" width=\"300\" height=\"300\" src=\"https:\/\/innovacioncomercio.org\/wp-content\/uploads\/2023\/11\/tendencias-colores-2014-catedra-innovacion-comercio-2-300x300.png\" class=\"mpc-transition attachment-medium\" alt=\"\" title=\"tendencias colores 2014 - catedra innovacion comercio (2)\" srcset=\"https:\/\/innovacioncomercio.org\/wp-content\/uploads\/2023\/11\/tendencias-colores-2014-catedra-innovacion-comercio-2-300x300.png 300w, https:\/\/innovacioncomercio.org\/wp-content\/uploads\/2023\/11\/tendencias-colores-2014-catedra-innovacion-comercio-2-150x150.png 150w, https:\/\/innovacioncomercio.org\/wp-content\/uploads\/2023\/11\/tendencias-colores-2014-catedra-innovacion-comercio-2-768x768.png 768w, https:\/\/innovacioncomercio.org\/wp-content\/uploads\/2023\/11\/tendencias-colores-2014-catedra-innovacion-comercio-2.png 1024w\" sizes=\"auto, (max-width: 300px) 100vw, 300px\" \/><\/div><\/div><div class=\"mpc-item\"><div onclick=\"\" class=\"mpc-grid__image mpc-transition\"><img loading=\"lazy\" decoding=\"async\" width=\"300\" height=\"300\" src=\"https:\/\/innovacioncomercio.org\/wp-content\/uploads\/2023\/11\/tendencias-colores-2014-catedra-innovacion-comercio-4-300x300.png\" class=\"mpc-transition attachment-medium\" alt=\"\" title=\"tendencias colores 2014 - catedra innovacion comercio (4)\" srcset=\"https:\/\/innovacioncomercio.org\/wp-content\/uploads\/2023\/11\/tendencias-colores-2014-catedra-innovacion-comercio-4-300x300.png 300w, https:\/\/innovacioncomercio.org\/wp-content\/uploads\/2023\/11\/tendencias-colores-2014-catedra-innovacion-comercio-4-150x150.png 150w, https:\/\/innovacioncomercio.org\/wp-content\/uploads\/2023\/11\/tendencias-colores-2014-catedra-innovacion-comercio-4-768x768.png 768w, https:\/\/innovacioncomercio.org\/wp-content\/uploads\/2023\/11\/tendencias-colores-2014-catedra-innovacion-comercio-4.png 1024w\" sizes=\"auto, (max-width: 300px) 100vw, 300px\" \/><\/div><\/div><div class=\"mpc-item\"><div onclick=\"\" class=\"mpc-grid__image mpc-transition\"><img loading=\"lazy\" decoding=\"async\" width=\"300\" height=\"300\" src=\"https:\/\/innovacioncomercio.org\/wp-content\/uploads\/2023\/11\/tendencias-colores-2014-catedra-innovacion-comercio-5-300x300.png\" class=\"mpc-transition attachment-medium\" alt=\"\" title=\"tendencias colores 2014 - catedra innovacion comercio (5)\" srcset=\"https:\/\/innovacioncomercio.org\/wp-content\/uploads\/2023\/11\/tendencias-colores-2014-catedra-innovacion-comercio-5-300x300.png 300w, https:\/\/innovacioncomercio.org\/wp-content\/uploads\/2023\/11\/tendencias-colores-2014-catedra-innovacion-comercio-5-150x150.png 150w, https:\/\/innovacioncomercio.org\/wp-content\/uploads\/2023\/11\/tendencias-colores-2014-catedra-innovacion-comercio-5-768x768.png 768w, https:\/\/innovacioncomercio.org\/wp-content\/uploads\/2023\/11\/tendencias-colores-2014-catedra-innovacion-comercio-5.png 1024w\" sizes=\"auto, (max-width: 300px) 100vw, 300px\" \/><\/div><\/div><div class=\"mpc-item\"><div onclick=\"\" class=\"mpc-grid__image mpc-transition\"><img loading=\"lazy\" decoding=\"async\" width=\"300\" height=\"300\" src=\"https:\/\/innovacioncomercio.org\/wp-content\/uploads\/2023\/11\/tendencias-colores-2014-catedra-innovacion-comercio-6-300x300.png\" class=\"mpc-transition attachment-medium\" alt=\"\" title=\"tendencias colores 2014 - catedra innovacion comercio (6)\" srcset=\"https:\/\/innovacioncomercio.org\/wp-content\/uploads\/2023\/11\/tendencias-colores-2014-catedra-innovacion-comercio-6-300x300.png 300w, https:\/\/innovacioncomercio.org\/wp-content\/uploads\/2023\/11\/tendencias-colores-2014-catedra-innovacion-comercio-6-150x150.png 150w, https:\/\/innovacioncomercio.org\/wp-content\/uploads\/2023\/11\/tendencias-colores-2014-catedra-innovacion-comercio-6-768x768.png 768w, https:\/\/innovacioncomercio.org\/wp-content\/uploads\/2023\/11\/tendencias-colores-2014-catedra-innovacion-comercio-6.png 1024w\" sizes=\"auto, (max-width: 300px) 100vw, 300px\" \/><\/div><\/div><div class=\"mpc-item\"><div onclick=\"\" class=\"mpc-grid__image mpc-transition\"><img loading=\"lazy\" decoding=\"async\" width=\"300\" height=\"300\" src=\"https:\/\/innovacioncomercio.org\/wp-content\/uploads\/2023\/11\/tendencias-colores-2014-catedra-innovacion-comercio-7-300x300.png\" class=\"mpc-transition attachment-medium\" alt=\"\" title=\"tendencias colores 2014 - catedra innovacion comercio (7)\" srcset=\"https:\/\/innovacioncomercio.org\/wp-content\/uploads\/2023\/11\/tendencias-colores-2014-catedra-innovacion-comercio-7-300x300.png 300w, https:\/\/innovacioncomercio.org\/wp-content\/uploads\/2023\/11\/tendencias-colores-2014-catedra-innovacion-comercio-7-150x150.png 150w, https:\/\/innovacioncomercio.org\/wp-content\/uploads\/2023\/11\/tendencias-colores-2014-catedra-innovacion-comercio-7-768x768.png 768w, https:\/\/innovacioncomercio.org\/wp-content\/uploads\/2023\/11\/tendencias-colores-2014-catedra-innovacion-comercio-7.png 1024w\" sizes=\"auto, (max-width: 300px) 100vw, 300px\" \/><\/div><\/div><div class=\"mpc-item\"><div onclick=\"\" class=\"mpc-grid__image mpc-transition\"><img loading=\"lazy\" decoding=\"async\" width=\"300\" height=\"300\" src=\"https:\/\/innovacioncomercio.org\/wp-content\/uploads\/2023\/11\/tendencias-colores-2014-catedra-innovacion-comercio-8-300x300.png\" class=\"mpc-transition attachment-medium\" alt=\"\" title=\"tendencias colores 2014 - catedra innovacion comercio (8)\" srcset=\"https:\/\/innovacioncomercio.org\/wp-content\/uploads\/2023\/11\/tendencias-colores-2014-catedra-innovacion-comercio-8-300x300.png 300w, https:\/\/innovacioncomercio.org\/wp-content\/uploads\/2023\/11\/tendencias-colores-2014-catedra-innovacion-comercio-8-150x150.png 150w, https:\/\/innovacioncomercio.org\/wp-content\/uploads\/2023\/11\/tendencias-colores-2014-catedra-innovacion-comercio-8-768x768.png 768w, https:\/\/innovacioncomercio.org\/wp-content\/uploads\/2023\/11\/tendencias-colores-2014-catedra-innovacion-comercio-8.png 1024w\" sizes=\"auto, (max-width: 300px) 100vw, 300px\" \/><\/div><\/div><div class=\"mpc-item\"><div onclick=\"\" class=\"mpc-grid__image mpc-transition\"><img loading=\"lazy\" decoding=\"async\" width=\"300\" height=\"300\" src=\"https:\/\/innovacioncomercio.org\/wp-content\/uploads\/2023\/11\/tendencias-colores-2014-catedra-innovacion-comercio-9-300x300.png\" class=\"mpc-transition attachment-medium\" alt=\"\" title=\"tendencias colores 2014 - catedra innovacion comercio (9)\" srcset=\"https:\/\/innovacioncomercio.org\/wp-content\/uploads\/2023\/11\/tendencias-colores-2014-catedra-innovacion-comercio-9-300x300.png 300w, https:\/\/innovacioncomercio.org\/wp-content\/uploads\/2023\/11\/tendencias-colores-2014-catedra-innovacion-comercio-9-150x150.png 150w, https:\/\/innovacioncomercio.org\/wp-content\/uploads\/2023\/11\/tendencias-colores-2014-catedra-innovacion-comercio-9-768x768.png 768w, https:\/\/innovacioncomercio.org\/wp-content\/uploads\/2023\/11\/tendencias-colores-2014-catedra-innovacion-comercio-9.png 1024w\" sizes=\"auto, (max-width: 300px) 100vw, 300px\" \/><\/div><\/div><div class=\"mpc-item\"><div onclick=\"\" class=\"mpc-grid__image mpc-transition\"><img loading=\"lazy\" decoding=\"async\" width=\"300\" height=\"300\" src=\"https:\/\/innovacioncomercio.org\/wp-content\/uploads\/2023\/11\/tendencias-colores-2014-catedra-innovacion-comercio-11-300x300.png\" class=\"mpc-transition attachment-medium\" alt=\"\" title=\"tendencias colores 2014 - catedra innovacion comercio (11)\" srcset=\"https:\/\/innovacioncomercio.org\/wp-content\/uploads\/2023\/11\/tendencias-colores-2014-catedra-innovacion-comercio-11-300x300.png 300w, https:\/\/innovacioncomercio.org\/wp-content\/uploads\/2023\/11\/tendencias-colores-2014-catedra-innovacion-comercio-11-150x150.png 150w, https:\/\/innovacioncomercio.org\/wp-content\/uploads\/2023\/11\/tendencias-colores-2014-catedra-innovacion-comercio-11-768x768.png 768w, https:\/\/innovacioncomercio.org\/wp-content\/uploads\/2023\/11\/tendencias-colores-2014-catedra-innovacion-comercio-11.png 1024w\" sizes=\"auto, (max-width: 300px) 100vw, 300px\" \/><\/div><\/div><div class=\"mpc-item\"><div onclick=\"\" class=\"mpc-grid__image mpc-transition\"><img loading=\"lazy\" decoding=\"async\" width=\"300\" height=\"300\" src=\"https:\/\/innovacioncomercio.org\/wp-content\/uploads\/2023\/11\/tendencias-colores-2014-catedra-innovacion-comercio-10-300x300.png\" class=\"mpc-transition attachment-medium\" alt=\"\" title=\"tendencias colores 2014 - catedra innovacion comercio (10)\" srcset=\"https:\/\/innovacioncomercio.org\/wp-content\/uploads\/2023\/11\/tendencias-colores-2014-catedra-innovacion-comercio-10-300x300.png 300w, https:\/\/innovacioncomercio.org\/wp-content\/uploads\/2023\/11\/tendencias-colores-2014-catedra-innovacion-comercio-10-150x150.png 150w, https:\/\/innovacioncomercio.org\/wp-content\/uploads\/2023\/11\/tendencias-colores-2014-catedra-innovacion-comercio-10-768x768.png 768w, https:\/\/innovacioncomercio.org\/wp-content\/uploads\/2023\/11\/tendencias-colores-2014-catedra-innovacion-comercio-10.png 1024w\" sizes=\"auto, (max-width: 300px) 100vw, 300px\" \/><\/div><\/div><\/div>[vc_empty_space][vc_column_text]<span style=\"font-family: Segoe UI, serif;\"><span style=\"font-size: large;\"><b>El Impacto Psicol\u00f3gico de los Colores en el Comportamiento del Consumidor<\/b><\/span><\/span><\/p>\n<p><span style=\"color: #374151;\"><span style=\"font-family: Segoe UI, serif;\"><span style=\"font-size: medium;\">Los colores no solo embellecen; ellos tienen el poder de influir en el comportamiento del consumidor. Por ejemplo, el <\/span><\/span><\/span><span style=\"font-family: Segoe UI, serif;\"><span style=\"font-size: medium;\"><b><span style=\"color: #374151;\">Ciber Lima<\/span><\/b><\/span><\/span><span style=\"color: #374151;\"><span style=\"font-family: Segoe UI, serif;\"><span style=\"font-size: medium;\"> puede estimular una experiencia de compra energizante, mientras que el <\/span><\/span><\/span><span style=\"font-family: Segoe UI, serif;\"><span style=\"font-size: medium;\"><b><span style=\"color: #374151;\">Rosa Fondant<\/span><\/b><\/span><\/span><span style=\"color: #374151;\"><span style=\"font-family: Segoe UI, serif;\"><span style=\"font-size: medium;\"> invita a la calma y a la permanencia en el espacio. Al seleccionar la paleta de colores de una tienda, se est\u00e1 dictando c\u00f3mo se sentir\u00e1n los clientes y c\u00f3mo interactuar\u00e1n con el espacio y los productos.<\/span><\/span><\/span><\/p>\n<p><span style=\"color: #374151;\"><span style=\"font-family: Segoe UI, serif;\"><span style=\"font-size: medium;\">La paleta de colores para el retail en 2024 es audaz, contemplativa y emocionalmente resonante. Al dise\u00f1ar con estos colores, los retailers pueden crear espacios que no solo venden productos, sino que tambi\u00e9n fomentan conexiones, bienestar y experiencias memorables. Al mirar hacia el futuro, la estrategia de dise\u00f1o retail debe ir m\u00e1s all\u00e1 de lo est\u00e9tico, convirti\u00e9ndose en un reflejo de los valores, deseos y esperanzas de los consumidores. Los moodboards son la base para este proceso creativo, asegurando que cada color, material y pieza de mobiliario contribuya a la narrativa deseada.<\/span><\/span><\/span><\/p>\n<p><span style=\"color: #374151;\"><span style=\"font-family: Segoe UI, serif;\"><span style=\"font-size: medium;\">A medida que nos acercamos a 2024, la pregunta para los dise\u00f1adores y retailers es clara: \u00bfC\u00f3mo podemos utilizar estas tendencias para dise\u00f1ar no solo tiendas, sino tambi\u00e9n experiencias que resuenen profundamente con nuestros clientes? Con estas tendencias de color, tenemos una ventana hacia un futuro emocionante y lleno de posibilidades en el mundo del retail.<\/span><\/span><\/span>[\/vc_column_text]<div id=\"mpc_grid_images-8669f705525b916\" class=\"mpc-grid-images mpc-init mpc-effect--none \"  data-grid-cols=\"4\"><div class=\"mpc-item\"><div onclick=\"\" class=\"mpc-grid__image mpc-transition\"><img loading=\"lazy\" decoding=\"async\" width=\"300\" height=\"186\" src=\"https:\/\/innovacioncomercio.org\/wp-content\/uploads\/2023\/11\/tendencias-retail-2024-5-300x186.png\" class=\"mpc-transition attachment-medium\" alt=\"\" title=\"tendencias retail 2024 (5)\" srcset=\"https:\/\/innovacioncomercio.org\/wp-content\/uploads\/2023\/11\/tendencias-retail-2024-5-300x186.png 300w, https:\/\/innovacioncomercio.org\/wp-content\/uploads\/2023\/11\/tendencias-retail-2024-5-768x477.png 768w, https:\/\/innovacioncomercio.org\/wp-content\/uploads\/2023\/11\/tendencias-retail-2024-5.png 911w\" sizes=\"auto, (max-width: 300px) 100vw, 300px\" \/><\/div><\/div><div class=\"mpc-item\"><div onclick=\"\" class=\"mpc-grid__image mpc-transition\"><img loading=\"lazy\" decoding=\"async\" width=\"300\" height=\"187\" src=\"https:\/\/innovacioncomercio.org\/wp-content\/uploads\/2023\/11\/tendencias-retail-2024-1-300x187.png\" class=\"mpc-transition attachment-medium\" alt=\"\" title=\"tendencias retail 2024 (1)\" srcset=\"https:\/\/innovacioncomercio.org\/wp-content\/uploads\/2023\/11\/tendencias-retail-2024-1-300x187.png 300w, https:\/\/innovacioncomercio.org\/wp-content\/uploads\/2023\/11\/tendencias-retail-2024-1-768x479.png 768w, https:\/\/innovacioncomercio.org\/wp-content\/uploads\/2023\/11\/tendencias-retail-2024-1.png 911w\" sizes=\"auto, (max-width: 300px) 100vw, 300px\" \/><\/div><\/div><div class=\"mpc-item\"><div onclick=\"\" class=\"mpc-grid__image mpc-transition\"><img loading=\"lazy\" decoding=\"async\" width=\"300\" height=\"186\" src=\"https:\/\/innovacioncomercio.org\/wp-content\/uploads\/2023\/11\/tendencias-retail-2024-2-300x186.png\" class=\"mpc-transition attachment-medium\" alt=\"\" title=\"tendencias retail 2024 (2)\" srcset=\"https:\/\/innovacioncomercio.org\/wp-content\/uploads\/2023\/11\/tendencias-retail-2024-2-300x186.png 300w, https:\/\/innovacioncomercio.org\/wp-content\/uploads\/2023\/11\/tendencias-retail-2024-2-768x477.png 768w, https:\/\/innovacioncomercio.org\/wp-content\/uploads\/2023\/11\/tendencias-retail-2024-2.png 912w\" sizes=\"auto, (max-width: 300px) 100vw, 300px\" \/><\/div><\/div><div class=\"mpc-item\"><div onclick=\"\" class=\"mpc-grid__image mpc-transition\"><img loading=\"lazy\" decoding=\"async\" width=\"300\" height=\"172\" src=\"https:\/\/innovacioncomercio.org\/wp-content\/uploads\/2023\/11\/tendencias-retail-2024-3-300x172.png\" class=\"mpc-transition attachment-medium\" alt=\"\" title=\"tendencias retail 2024 (3)\" srcset=\"https:\/\/innovacioncomercio.org\/wp-content\/uploads\/2023\/11\/tendencias-retail-2024-3-300x172.png 300w, https:\/\/innovacioncomercio.org\/wp-content\/uploads\/2023\/11\/tendencias-retail-2024-3-768x440.png 768w, https:\/\/innovacioncomercio.org\/wp-content\/uploads\/2023\/11\/tendencias-retail-2024-3.png 995w\" sizes=\"auto, (max-width: 300px) 100vw, 300px\" \/><\/div><\/div><div class=\"mpc-item\"><div onclick=\"\" class=\"mpc-grid__image mpc-transition\"><img loading=\"lazy\" decoding=\"async\" width=\"300\" height=\"186\" src=\"https:\/\/innovacioncomercio.org\/wp-content\/uploads\/2023\/11\/tendencias-retail-2024-4-300x186.png\" class=\"mpc-transition attachment-medium\" alt=\"\" title=\"tendencias retail 2024 (4)\" srcset=\"https:\/\/innovacioncomercio.org\/wp-content\/uploads\/2023\/11\/tendencias-retail-2024-4-300x186.png 300w, https:\/\/innovacioncomercio.org\/wp-content\/uploads\/2023\/11\/tendencias-retail-2024-4-768x477.png 768w, https:\/\/innovacioncomercio.org\/wp-content\/uploads\/2023\/11\/tendencias-retail-2024-4.png 910w\" sizes=\"auto, (max-width: 300px) 100vw, 300px\" \/><\/div><\/div><\/div>[vc_empty_space][vc_column_text]<span style=\"font-family: Segoe UI, serif;\"><span style=\"font-size: large;\"><b>Materiales y Mobiliario: La Evoluci\u00f3n Hacia 2024<\/b><\/span><\/span><\/p>\n<p><span style=\"color: #374151;\"><span style=\"font-family: Segoe UI, serif;\"><span style=\"font-size: medium;\">En cuanto a materiales y mobiliario, las tendencias para 2024 apuntan a la combinaci\u00f3n de estas paletas de colores con materiales que reflejen un compromiso con la sostenibilidad y la tecnolog\u00eda. La madera, los metales reciclados, los pl\u00e1sticos biodegradables y los textiles innovadores jugar\u00e1n un papel importante. Los muebles seguir\u00e1n l\u00edneas limpias y formas org\u00e1nicas, con acabados que van desde lo mate y terroso hasta lo brillante y met\u00e1lico, reflejando las dualidades de nuestro tiempo: la naturaleza frente a la digitalizaci\u00f3n.<\/span><\/span><\/span><\/p>\n<p><span style=\"color: #374151;\"><span style=\"font-family: Segoe UI, serif;\"><span style=\"font-size: medium;\">Las tendencias de dise\u00f1o de interiores para 2024, aunque inicialmente enfocadas en el hogar, tienen aplicaciones igualmente innovadoras en el mundo del retail. Las tiendas adoptan estos conceptos para crear espacios comerciales que inviten a los clientes a sumergirse en experiencias \u00fanicas y gratificantes.<\/span><\/span><\/span><\/p>\n<p><span style=\"color: #374151;\"><span style=\"font-family: Segoe UI, serif;\"><span style=\"font-size: medium;\">La visi\u00f3n de Lee Broom sobre la b\u00fasqueda de la felicidad a trav\u00e9s del entorno se traduce en tiendas que apuestan por un dise\u00f1o din\u00e1mico y experiencial. Podr\u00edamos ver tiendas con \u00e1reas de exposici\u00f3n que cambian de forma, muebles interactivos y puntos de atracci\u00f3n visual que despierten el asombro y proporcionen una experiencia de compra memorable.<\/span><\/span><\/span><\/p>\n<p><span style=\"color: #374151;\"><span style=\"font-family: Segoe UI, serif;\"><span style=\"font-size: medium;\">Siguiendo la filosof\u00eda de Tara Bernerd, las tiendas podr\u00edan presentar una sofisticaci\u00f3n relajada que invita a los consumidores a sentirse c\u00f3modos y a la vez cautivados por el lujo accesible. La combinaci\u00f3n de dise\u00f1o escandinavo con elementos de maximalismo se reflejar\u00eda en espacios de venta al detalle que ofrecen una experiencia de compra de lujo sin intimidaci\u00f3n, animando a los clientes a explorar y quedarse m\u00e1s tiempo.<\/span><\/span><\/span><\/p>\n<p><span style=\"color: #374151;\"><span style=\"font-family: Segoe UI, serif;\"><span style=\"font-size: medium;\">En el \u00e1mbito del trabajo, la tendencia hacia estaciones de trabajo inteligentes se puede reinterpretar en tiendas que integran la tecnolog\u00eda de forma sutil en el mobiliario y el dise\u00f1o de interiores, mejorando la experiencia del cliente sin alterar la est\u00e9tica refinada del espacio comercial.<\/span><\/span><\/span><\/p>\n<p><span style=\"font-family: Segoe UI, serif;\"><span style=\"font-size: large;\"><b>Decoraci\u00f3n de Tiendas para 2024: La Naturaleza se Encuentra con el Comercio<\/b><\/span><\/span><\/p>\n<p><span style=\"color: #374151;\"><span style=\"font-family: Segoe UI, serif;\"><span style=\"font-size: medium;\">La tendencia de crear espacios que evoquen la sensaci\u00f3n de un spa y que Noa Santos enfatiza, puede influir en el dise\u00f1o de tiendas que deseen ofrecer un refugio calmante del bullicio urbano. Materiales como m\u00e1rmol, piedra, y acabados de cal en tonos cremas y beiges pueden crear un ambiente que invite a la contemplaci\u00f3n y a la compra reflexiva, potencialmente aumentando el tiempo que los clientes pasan en la tienda.<\/span><\/span><\/span><\/p>\n<p><span style=\"color: #374151;\"><span style=\"font-family: Segoe UI, serif;\"><span style=\"font-size: medium;\">Para 2024, seg\u00fan Gabriel Scott, las tiendas podr\u00edan incorporar tonos profundos y ricos, creando un fondo lujoso que resalte los productos. Los materiales de alta calidad como el m\u00e1rmol y los metales c\u00e1lidos no s\u00f3lo a\u00f1aden un elemento t\u00e1ctil al espacio de compra sino que tambi\u00e9n comunican un mensaje de durabilidad y calidad.<\/span><\/span><\/span><\/p>\n<p><span style=\"color: #374151;\"><span style=\"font-family: Segoe UI, serif;\"><span style=\"font-size: medium;\">Las tendencias de dise\u00f1o de interiores para 2024 presentan un mundo de posibilidades para las tiendas, permiti\u00e9ndoles crear ambientes que combinan sofisticaci\u00f3n, comodidad y una conexi\u00f3n con la naturaleza. La utilizaci\u00f3n de colores naturales y materiales duraderos se une a un dise\u00f1o inteligente y experiencial para transformar las tiendas en espacios que ofrecen mucho m\u00e1s que productos: prometen una experiencia de compra que se alinea con los valores y aspiraciones del consumidor moderno. Con estas tendencias, el dise\u00f1o de las tiendas se convierte en un poderoso comunicador de la marca y un im\u00e1n para los clientes.<\/span><\/span><\/span>[\/vc_column_text][vc_empty_space][vc_video link=&#8221;https:\/\/www.youtube.com\/watch?v=07JLj7uTR90&#8243; align=&#8221;center&#8221;][vc_empty_space][\/vc_column][\/vc_row][vc_row][vc_column][vc_custom_heading text=&#8221;\u00danete a nuestra newsletter semanal.&#8221; font_container=&#8221;tag:h3|text_align:left&#8221; google_fonts=&#8221;font_family:Montserrat%3Aregular%2C700|font_style:400%20regular%3A400%3Anormal&#8221;]\n                <div class='gf_browser_gecko gform_wrapper' id='gform_wrapper_9' ><form method='post' enctype='multipart\/form-data'  id='gform_9'  action='\/index.php\/wp-json\/wp\/v2\/posts\/3848'> \r\n <input type='hidden' class='gforms-pum' value='{\"closepopup\":false,\"closedelay\":0,\"openpopup\":false,\"openpopup_id\":0}' \/>\n                        <div class='gform_body'><ul id='gform_fields_9' class='gform_fields top_label form_sublabel_below description_below'><li id='field_9_1'  class='gfield field_sublabel_below field_description_below gfield_visibility_visible' ><label class='gfield_label gfield_label_before_complex'  >Nombre<\/label><div class='ginput_complex ginput_container no_prefix has_first_name no_middle_name has_last_name no_suffix gf_name_has_2 ginput_container_name' id='input_9_1'>\n                            \n                            <span id='input_9_1_3_container' class='name_first' >\n                                                    <input type='text' name='input_1.3' id='input_9_1_3' value='' aria-label='Nombre'    aria-invalid=\"false\" \/>\n                                                    <label for='input_9_1_3' >Nombre<\/label>\n                                                <\/span>\n                            \n                            <span id='input_9_1_6_container' class='name_last' >\n                                                    <input type='text' name='input_1.6' id='input_9_1_6' value='' aria-label='Apellidos'    aria-invalid=\"false\" \/>\n                                                    <label for='input_9_1_6' >Apellidos<\/label>\n                                                <\/span>\n                            \n                        <\/div><\/li><li id='field_9_2'  class='gfield gf_left_half field_sublabel_below field_description_below gfield_visibility_visible' ><label class='gfield_label' for='input_9_2' >Nombre del establecimiento<\/label><div class='ginput_container ginput_container_text'><input name='input_2' id='input_9_2' type='text' value='' class='medium'      aria-invalid=\"false\" \/><\/div><\/li><li id='field_9_7'  class='gfield gf_right_half field_sublabel_below field_description_below gfield_visibility_visible' ><label class='gfield_label' for='input_9_7' >Poblaci\u00f3n<\/label><div class='ginput_container ginput_container_text'><input name='input_7' id='input_9_7' type='text' value='' class='medium'      aria-invalid=\"false\" \/><\/div><\/li><li id='field_9_5'  class='gfield gf_middle_third field_sublabel_below field_description_below gfield_visibility_visible' ><label class='gfield_label' for='input_9_5' >Email<\/label><div class='ginput_container ginput_container_email'>\n                            <input name='input_5' id='input_9_5' type='text' value='' class='medium'     aria-invalid=\"false\" \/>\n                        <\/div><\/li><li id='field_9_6'  class='gfield gfield_contains_required field_sublabel_below field_description_below gfield_visibility_visible' ><label class='gfield_label'  >Informaci\u00f3n de protecci\u00f3n de datos<span class='gfield_required'>*<\/span><\/label><div class='ginput_container ginput_container_checkbox'><ul class='gfield_checkbox' id='input_9_6'><li class='gchoice_9_6_1'>\n\t\t\t\t\t\t\t\t<input name='input_6.1' type='checkbox'  value='Acepto y consiento el tratamiento de mis datos personales &lt;a href=&quot;https:\/\/innovacioncomercio.org\/index.php\/advertencias-legales-y-politica-de-privacidad\/&quot;&gt;&lt;u&gt;(Aviso legal y politicas de privacidad y protecci\u00f3n de datos)&lt;\/u&gt;&lt;\/a&gt;.'  id='choice_9_6_1'   \/>\n\t\t\t\t\t\t\t\t<label for='choice_9_6_1' id='label_9_6_1'>Acepto y consiento el tratamiento de mis datos personales <a href=\"https:\/\/innovacioncomercio.org\/index.php\/advertencias-legales-y-politica-de-privacidad\/\"><u>(Aviso legal y politicas de privacidad y protecci\u00f3n de datos)<\/u><\/a>.<\/label>\n\t\t\t\t\t\t\t<\/li><\/ul><\/div><\/li><li id='field_9_8'  class='gfield field_sublabel_below field_description_below gfield_visibility_visible' ><label class='gfield_label' for='input_9_8' >CAPTCHA<\/label><div id='input_9_8' class='ginput_container ginput_recaptcha' data-sitekey='6LdrEQ4pAAAAANeWXEIdVNH_86d76S-Xi3lhFfKK'  data-theme='light' data-tabindex='0'  data-badge=''><\/div><\/li>\n                            <\/ul><\/div>\n        <div class='gform_footer top_label'> <input type='submit' id='gform_submit_button_9' class='gform_button button' value='Enviar'  onclick='if(window[\"gf_submitting_9\"]){return false;}  window[\"gf_submitting_9\"]=true;  ' onkeypress='if( event.keyCode == 13 ){ if(window[\"gf_submitting_9\"]){return false;} window[\"gf_submitting_9\"]=true;  jQuery(\"#gform_9\").trigger(\"submit\",[true]); }' \/> \n            <input type='hidden' class='gform_hidden' name='is_submit_9' value='1' \/>\n            <input type='hidden' class='gform_hidden' name='gform_submit' value='9' \/>\n            \n            <input type='hidden' class='gform_hidden' name='gform_unique_id' value='' \/>\n            <input type='hidden' class='gform_hidden' name='state_9' value='WyJbXSIsImJmMjUyNjhlNzlhMmFhNmU1MjRhZTZiMDRiNWE3NTBlIl0=' \/>\n            <input type='hidden' class='gform_hidden' name='gform_target_page_number_9' id='gform_target_page_number_9' value='0' \/>\n            <input type='hidden' class='gform_hidden' name='gform_source_page_number_9' id='gform_source_page_number_9' value='1' \/>\n            <input type='hidden' name='gform_field_values' value='' \/>\n            \n        <\/div>\n                        <\/form>\n                        <\/div><script type='text\/javascript'> jQuery(document).bind('gform_post_render', function(event, formId, currentPage){if(formId == 9) {} } );jQuery(document).bind('gform_post_conditional_logic', function(event, formId, fields, isInit){} );<\/script><script type='text\/javascript'> jQuery(document).ready(function(){jQuery(document).trigger('gform_post_render', [9, 1]) } ); <\/script>[\/vc_column][\/vc_row]\n<\/div>","protected":false},"excerpt":{"rendered":"[vc_row][vc_column][vc_column_text]El dise\u00f1o estrat\u00e9gico en el mundo del retail no solo trata de espacios y funcionalidades, sino tambi\u00e9n de una narrativa visual poderosa que comienza con el color. En 2024, seg\u00fan las tendencias proyectadas por WGSN en colaboraci\u00f3n con Coloro, estamos al borde de una paleta revolucionaria que promete transformar el paisaje del retail. \u00bfQu\u00e9 es<\/p>\n","protected":false},"author":1,"featured_media":3864,"comment_status":"closed","ping_status":"open","sticky":false,"template":"","format":"standard","meta":{"_bbp_topic_count":0,"_bbp_reply_count":0,"_bbp_total_topic_count":0,"_bbp_total_reply_count":0,"_bbp_voice_count":0,"_bbp_anonymous_reply_count":0,"_bbp_topic_count_hidden":0,"_bbp_reply_count_hidden":0,"_bbp_forum_subforum_count":0,"content-type":"","footnotes":""},"categories":[13,12,18],"tags":[],"class_list":["post-3848","post","type-post","status-publish","format-standard","has-post-thumbnail","hentry","category-comercio-fisico","category-marketing-visual","category-tendencias"],"yoast_head":"<!-- This site is optimized with the Yoast SEO Premium plugin v19.2.1 (Yoast SEO v27.5) - https:\/\/yoast.com\/product\/yoast-seo-premium-wordpress\/ -->\n<title>Innovando en retail: tendencias paletas de colores y moodboards para el 2024 - INNOVACION COMERCIO<\/title>\n<meta name=\"robots\" content=\"index, follow, max-snippet:-1, max-image-preview:large, max-video-preview:-1\" \/>\n<link rel=\"canonical\" href=\"https:\/\/innovacioncomercio.org\/index.php\/2023\/11\/08\/innovando-en-retail-tendencias-paletas-de-colores-y-moodboards-para-el-2024\/\" \/>\n<meta property=\"og:locale\" content=\"es_ES\" \/>\n<meta property=\"og:type\" content=\"article\" \/>\n<meta property=\"og:title\" content=\"Innovando en retail: tendencias paletas de colores y moodboards para el 2024\" \/>\n<meta property=\"og:description\" content=\"[vc_row][vc_column][vc_column_text]El dise\u00f1o estrat\u00e9gico en el mundo del retail no solo trata de espacios y funcionalidades, sino tambi\u00e9n de una narrativa visual poderosa que comienza con el color. En 2024, seg\u00fan las tendencias proyectadas por WGSN en colaboraci\u00f3n con Coloro, estamos al borde de una paleta revolucionaria que promete transformar el paisaje del retail. \u00bfQu\u00e9 es\" \/>\n<meta property=\"og:url\" content=\"https:\/\/innovacioncomercio.org\/index.php\/2023\/11\/08\/innovando-en-retail-tendencias-paletas-de-colores-y-moodboards-para-el-2024\/\" \/>\n<meta property=\"og:site_name\" content=\"INNOVACION COMERCIO\" \/>\n<meta property=\"article:published_time\" content=\"2023-11-08T12:26:11+00:00\" \/>\n<meta property=\"article:modified_time\" content=\"2023-11-08T12:52:23+00:00\" \/>\n<meta property=\"og:image\" content=\"https:\/\/innovacioncomercio.org\/wp-content\/uploads\/2023\/11\/tendencias-retail-2024-1.png\" \/>\n\t<meta property=\"og:image:width\" content=\"911\" \/>\n\t<meta property=\"og:image:height\" content=\"568\" \/>\n\t<meta property=\"og:image:type\" content=\"image\/png\" \/>\n<meta name=\"author\" content=\"admin@innovacioncomercio.org\" \/>\n<meta name=\"twitter:card\" content=\"summary_large_image\" \/>\n<meta name=\"twitter:label1\" content=\"Escrito por\" \/>\n\t<meta name=\"twitter:data1\" content=\"admin@innovacioncomercio.org\" \/>\n\t<meta name=\"twitter:label2\" content=\"Tiempo de lectura\" \/>\n\t<meta name=\"twitter:data2\" content=\"6 minutos\" \/>\n<script type=\"application\/ld+json\" class=\"yoast-schema-graph\">{\"@context\":\"https:\\\/\\\/schema.org\",\"@graph\":[{\"@type\":\"Article\",\"@id\":\"https:\\\/\\\/innovacioncomercio.org\\\/index.php\\\/2023\\\/11\\\/08\\\/innovando-en-retail-tendencias-paletas-de-colores-y-moodboards-para-el-2024\\\/#article\",\"isPartOf\":{\"@id\":\"https:\\\/\\\/innovacioncomercio.org\\\/index.php\\\/2023\\\/11\\\/08\\\/innovando-en-retail-tendencias-paletas-de-colores-y-moodboards-para-el-2024\\\/\"},\"author\":{\"name\":\"admin@innovacioncomercio.org\",\"@id\":\"https:\\\/\\\/innovacioncomercio.org\\\/#\\\/schema\\\/person\\\/6d92bb28a9c893f0f2be4434f32f554b\"},\"headline\":\"Innovando en retail: tendencias paletas de colores y moodboards para el 2024\",\"datePublished\":\"2023-11-08T12:26:11+00:00\",\"dateModified\":\"2023-11-08T12:52:23+00:00\",\"mainEntityOfPage\":{\"@id\":\"https:\\\/\\\/innovacioncomercio.org\\\/index.php\\\/2023\\\/11\\\/08\\\/innovando-en-retail-tendencias-paletas-de-colores-y-moodboards-para-el-2024\\\/\"},\"wordCount\":1424,\"image\":{\"@id\":\"https:\\\/\\\/innovacioncomercio.org\\\/index.php\\\/2023\\\/11\\\/08\\\/innovando-en-retail-tendencias-paletas-de-colores-y-moodboards-para-el-2024\\\/#primaryimage\"},\"thumbnailUrl\":\"https:\\\/\\\/innovacioncomercio.org\\\/wp-content\\\/uploads\\\/2023\\\/11\\\/tendencias-retail-2024-1.png\",\"articleSection\":[\"Comercio f\u00edsico\",\"Marketing Visual\",\"Tendencias\"],\"inLanguage\":\"es\"},{\"@type\":\"WebPage\",\"@id\":\"https:\\\/\\\/innovacioncomercio.org\\\/index.php\\\/2023\\\/11\\\/08\\\/innovando-en-retail-tendencias-paletas-de-colores-y-moodboards-para-el-2024\\\/\",\"url\":\"https:\\\/\\\/innovacioncomercio.org\\\/index.php\\\/2023\\\/11\\\/08\\\/innovando-en-retail-tendencias-paletas-de-colores-y-moodboards-para-el-2024\\\/\",\"name\":\"Innovando en retail: tendencias paletas de colores y moodboards para el 2024 - INNOVACION COMERCIO\",\"isPartOf\":{\"@id\":\"https:\\\/\\\/innovacioncomercio.org\\\/#website\"},\"primaryImageOfPage\":{\"@id\":\"https:\\\/\\\/innovacioncomercio.org\\\/index.php\\\/2023\\\/11\\\/08\\\/innovando-en-retail-tendencias-paletas-de-colores-y-moodboards-para-el-2024\\\/#primaryimage\"},\"image\":{\"@id\":\"https:\\\/\\\/innovacioncomercio.org\\\/index.php\\\/2023\\\/11\\\/08\\\/innovando-en-retail-tendencias-paletas-de-colores-y-moodboards-para-el-2024\\\/#primaryimage\"},\"thumbnailUrl\":\"https:\\\/\\\/innovacioncomercio.org\\\/wp-content\\\/uploads\\\/2023\\\/11\\\/tendencias-retail-2024-1.png\",\"datePublished\":\"2023-11-08T12:26:11+00:00\",\"dateModified\":\"2023-11-08T12:52:23+00:00\",\"author\":{\"@id\":\"https:\\\/\\\/innovacioncomercio.org\\\/#\\\/schema\\\/person\\\/6d92bb28a9c893f0f2be4434f32f554b\"},\"breadcrumb\":{\"@id\":\"https:\\\/\\\/innovacioncomercio.org\\\/index.php\\\/2023\\\/11\\\/08\\\/innovando-en-retail-tendencias-paletas-de-colores-y-moodboards-para-el-2024\\\/#breadcrumb\"},\"inLanguage\":\"es\",\"potentialAction\":[{\"@type\":\"ReadAction\",\"target\":[\"https:\\\/\\\/innovacioncomercio.org\\\/index.php\\\/2023\\\/11\\\/08\\\/innovando-en-retail-tendencias-paletas-de-colores-y-moodboards-para-el-2024\\\/\"]}]},{\"@type\":\"ImageObject\",\"inLanguage\":\"es\",\"@id\":\"https:\\\/\\\/innovacioncomercio.org\\\/index.php\\\/2023\\\/11\\\/08\\\/innovando-en-retail-tendencias-paletas-de-colores-y-moodboards-para-el-2024\\\/#primaryimage\",\"url\":\"https:\\\/\\\/innovacioncomercio.org\\\/wp-content\\\/uploads\\\/2023\\\/11\\\/tendencias-retail-2024-1.png\",\"contentUrl\":\"https:\\\/\\\/innovacioncomercio.org\\\/wp-content\\\/uploads\\\/2023\\\/11\\\/tendencias-retail-2024-1.png\",\"width\":911,\"height\":568},{\"@type\":\"BreadcrumbList\",\"@id\":\"https:\\\/\\\/innovacioncomercio.org\\\/index.php\\\/2023\\\/11\\\/08\\\/innovando-en-retail-tendencias-paletas-de-colores-y-moodboards-para-el-2024\\\/#breadcrumb\",\"itemListElement\":[{\"@type\":\"ListItem\",\"position\":1,\"name\":\"Portada\",\"item\":\"https:\\\/\\\/innovacioncomercio.org\\\/\"},{\"@type\":\"ListItem\",\"position\":2,\"name\":\"Innovando en retail: tendencias paletas de colores y moodboards para el 2024\"}]},{\"@type\":\"WebSite\",\"@id\":\"https:\\\/\\\/innovacioncomercio.org\\\/#website\",\"url\":\"https:\\\/\\\/innovacioncomercio.org\\\/\",\"name\":\"INNOVACION COMERCIO\",\"description\":\"C\u00e1tedra de Innovaci\u00f3n para el Comercio\",\"potentialAction\":[{\"@type\":\"SearchAction\",\"target\":{\"@type\":\"EntryPoint\",\"urlTemplate\":\"https:\\\/\\\/innovacioncomercio.org\\\/?s={search_term_string}\"},\"query-input\":{\"@type\":\"PropertyValueSpecification\",\"valueRequired\":true,\"valueName\":\"search_term_string\"}}],\"inLanguage\":\"es\"},{\"@type\":\"Person\",\"@id\":\"https:\\\/\\\/innovacioncomercio.org\\\/#\\\/schema\\\/person\\\/6d92bb28a9c893f0f2be4434f32f554b\",\"name\":\"admin@innovacioncomercio.org\",\"image\":{\"@type\":\"ImageObject\",\"inLanguage\":\"es\",\"@id\":\"https:\\\/\\\/secure.gravatar.com\\\/avatar\\\/26d81e70e64bedc5c9682c4fec4cffa792c7433b66299bcf38ed578f850156b7?s=96&d=mm&r=g\",\"url\":\"https:\\\/\\\/secure.gravatar.com\\\/avatar\\\/26d81e70e64bedc5c9682c4fec4cffa792c7433b66299bcf38ed578f850156b7?s=96&d=mm&r=g\",\"contentUrl\":\"https:\\\/\\\/secure.gravatar.com\\\/avatar\\\/26d81e70e64bedc5c9682c4fec4cffa792c7433b66299bcf38ed578f850156b7?s=96&d=mm&r=g\",\"caption\":\"admin@innovacioncomercio.org\"},\"sameAs\":[\"http:\\\/\\\/innovacioncomercio.org\"],\"url\":\"https:\\\/\\\/innovacioncomercio.org\\\/index.php\\\/author\\\/admininnovacioncomercio-org\\\/\"}]}<\/script>\n<!-- \/ Yoast SEO Premium plugin. -->","yoast_head_json":{"title":"Innovando en retail: tendencias paletas de colores y moodboards para el 2024 - INNOVACION COMERCIO","robots":{"index":"index","follow":"follow","max-snippet":"max-snippet:-1","max-image-preview":"max-image-preview:large","max-video-preview":"max-video-preview:-1"},"canonical":"https:\/\/innovacioncomercio.org\/index.php\/2023\/11\/08\/innovando-en-retail-tendencias-paletas-de-colores-y-moodboards-para-el-2024\/","og_locale":"es_ES","og_type":"article","og_title":"Innovando en retail: tendencias paletas de colores y moodboards para el 2024","og_description":"[vc_row][vc_column][vc_column_text]El dise\u00f1o estrat\u00e9gico en el mundo del retail no solo trata de espacios y funcionalidades, sino tambi\u00e9n de una narrativa visual poderosa que comienza con el color. En 2024, seg\u00fan las tendencias proyectadas por WGSN en colaboraci\u00f3n con Coloro, estamos al borde de una paleta revolucionaria que promete transformar el paisaje del retail. \u00bfQu\u00e9 es","og_url":"https:\/\/innovacioncomercio.org\/index.php\/2023\/11\/08\/innovando-en-retail-tendencias-paletas-de-colores-y-moodboards-para-el-2024\/","og_site_name":"INNOVACION COMERCIO","article_published_time":"2023-11-08T12:26:11+00:00","article_modified_time":"2023-11-08T12:52:23+00:00","og_image":[{"width":911,"height":568,"url":"https:\/\/innovacioncomercio.org\/wp-content\/uploads\/2023\/11\/tendencias-retail-2024-1.png","type":"image\/png"}],"author":"admin@innovacioncomercio.org","twitter_card":"summary_large_image","twitter_misc":{"Escrito por":"admin@innovacioncomercio.org","Tiempo de lectura":"6 minutos"},"schema":{"@context":"https:\/\/schema.org","@graph":[{"@type":"Article","@id":"https:\/\/innovacioncomercio.org\/index.php\/2023\/11\/08\/innovando-en-retail-tendencias-paletas-de-colores-y-moodboards-para-el-2024\/#article","isPartOf":{"@id":"https:\/\/innovacioncomercio.org\/index.php\/2023\/11\/08\/innovando-en-retail-tendencias-paletas-de-colores-y-moodboards-para-el-2024\/"},"author":{"name":"admin@innovacioncomercio.org","@id":"https:\/\/innovacioncomercio.org\/#\/schema\/person\/6d92bb28a9c893f0f2be4434f32f554b"},"headline":"Innovando en retail: tendencias paletas de colores y moodboards para el 2024","datePublished":"2023-11-08T12:26:11+00:00","dateModified":"2023-11-08T12:52:23+00:00","mainEntityOfPage":{"@id":"https:\/\/innovacioncomercio.org\/index.php\/2023\/11\/08\/innovando-en-retail-tendencias-paletas-de-colores-y-moodboards-para-el-2024\/"},"wordCount":1424,"image":{"@id":"https:\/\/innovacioncomercio.org\/index.php\/2023\/11\/08\/innovando-en-retail-tendencias-paletas-de-colores-y-moodboards-para-el-2024\/#primaryimage"},"thumbnailUrl":"https:\/\/innovacioncomercio.org\/wp-content\/uploads\/2023\/11\/tendencias-retail-2024-1.png","articleSection":["Comercio f\u00edsico","Marketing Visual","Tendencias"],"inLanguage":"es"},{"@type":"WebPage","@id":"https:\/\/innovacioncomercio.org\/index.php\/2023\/11\/08\/innovando-en-retail-tendencias-paletas-de-colores-y-moodboards-para-el-2024\/","url":"https:\/\/innovacioncomercio.org\/index.php\/2023\/11\/08\/innovando-en-retail-tendencias-paletas-de-colores-y-moodboards-para-el-2024\/","name":"Innovando en retail: tendencias paletas de colores y moodboards para el 2024 - INNOVACION COMERCIO","isPartOf":{"@id":"https:\/\/innovacioncomercio.org\/#website"},"primaryImageOfPage":{"@id":"https:\/\/innovacioncomercio.org\/index.php\/2023\/11\/08\/innovando-en-retail-tendencias-paletas-de-colores-y-moodboards-para-el-2024\/#primaryimage"},"image":{"@id":"https:\/\/innovacioncomercio.org\/index.php\/2023\/11\/08\/innovando-en-retail-tendencias-paletas-de-colores-y-moodboards-para-el-2024\/#primaryimage"},"thumbnailUrl":"https:\/\/innovacioncomercio.org\/wp-content\/uploads\/2023\/11\/tendencias-retail-2024-1.png","datePublished":"2023-11-08T12:26:11+00:00","dateModified":"2023-11-08T12:52:23+00:00","author":{"@id":"https:\/\/innovacioncomercio.org\/#\/schema\/person\/6d92bb28a9c893f0f2be4434f32f554b"},"breadcrumb":{"@id":"https:\/\/innovacioncomercio.org\/index.php\/2023\/11\/08\/innovando-en-retail-tendencias-paletas-de-colores-y-moodboards-para-el-2024\/#breadcrumb"},"inLanguage":"es","potentialAction":[{"@type":"ReadAction","target":["https:\/\/innovacioncomercio.org\/index.php\/2023\/11\/08\/innovando-en-retail-tendencias-paletas-de-colores-y-moodboards-para-el-2024\/"]}]},{"@type":"ImageObject","inLanguage":"es","@id":"https:\/\/innovacioncomercio.org\/index.php\/2023\/11\/08\/innovando-en-retail-tendencias-paletas-de-colores-y-moodboards-para-el-2024\/#primaryimage","url":"https:\/\/innovacioncomercio.org\/wp-content\/uploads\/2023\/11\/tendencias-retail-2024-1.png","contentUrl":"https:\/\/innovacioncomercio.org\/wp-content\/uploads\/2023\/11\/tendencias-retail-2024-1.png","width":911,"height":568},{"@type":"BreadcrumbList","@id":"https:\/\/innovacioncomercio.org\/index.php\/2023\/11\/08\/innovando-en-retail-tendencias-paletas-de-colores-y-moodboards-para-el-2024\/#breadcrumb","itemListElement":[{"@type":"ListItem","position":1,"name":"Portada","item":"https:\/\/innovacioncomercio.org\/"},{"@type":"ListItem","position":2,"name":"Innovando en retail: tendencias paletas de colores y moodboards para el 2024"}]},{"@type":"WebSite","@id":"https:\/\/innovacioncomercio.org\/#website","url":"https:\/\/innovacioncomercio.org\/","name":"INNOVACION COMERCIO","description":"C\u00e1tedra de Innovaci\u00f3n para el Comercio","potentialAction":[{"@type":"SearchAction","target":{"@type":"EntryPoint","urlTemplate":"https:\/\/innovacioncomercio.org\/?s={search_term_string}"},"query-input":{"@type":"PropertyValueSpecification","valueRequired":true,"valueName":"search_term_string"}}],"inLanguage":"es"},{"@type":"Person","@id":"https:\/\/innovacioncomercio.org\/#\/schema\/person\/6d92bb28a9c893f0f2be4434f32f554b","name":"admin@innovacioncomercio.org","image":{"@type":"ImageObject","inLanguage":"es","@id":"https:\/\/secure.gravatar.com\/avatar\/26d81e70e64bedc5c9682c4fec4cffa792c7433b66299bcf38ed578f850156b7?s=96&d=mm&r=g","url":"https:\/\/secure.gravatar.com\/avatar\/26d81e70e64bedc5c9682c4fec4cffa792c7433b66299bcf38ed578f850156b7?s=96&d=mm&r=g","contentUrl":"https:\/\/secure.gravatar.com\/avatar\/26d81e70e64bedc5c9682c4fec4cffa792c7433b66299bcf38ed578f850156b7?s=96&d=mm&r=g","caption":"admin@innovacioncomercio.org"},"sameAs":["http:\/\/innovacioncomercio.org"],"url":"https:\/\/innovacioncomercio.org\/index.php\/author\/admininnovacioncomercio-org\/"}]}},"_links":{"self":[{"href":"https:\/\/innovacioncomercio.org\/index.php\/wp-json\/wp\/v2\/posts\/3848","targetHints":{"allow":["GET"]}}],"collection":[{"href":"https:\/\/innovacioncomercio.org\/index.php\/wp-json\/wp\/v2\/posts"}],"about":[{"href":"https:\/\/innovacioncomercio.org\/index.php\/wp-json\/wp\/v2\/types\/post"}],"author":[{"embeddable":true,"href":"https:\/\/innovacioncomercio.org\/index.php\/wp-json\/wp\/v2\/users\/1"}],"replies":[{"embeddable":true,"href":"https:\/\/innovacioncomercio.org\/index.php\/wp-json\/wp\/v2\/comments?post=3848"}],"version-history":[{"count":1,"href":"https:\/\/innovacioncomercio.org\/index.php\/wp-json\/wp\/v2\/posts\/3848\/revisions"}],"predecessor-version":[{"id":3868,"href":"https:\/\/innovacioncomercio.org\/index.php\/wp-json\/wp\/v2\/posts\/3848\/revisions\/3868"}],"wp:featuredmedia":[{"embeddable":true,"href":"https:\/\/innovacioncomercio.org\/index.php\/wp-json\/wp\/v2\/media\/3864"}],"wp:attachment":[{"href":"https:\/\/innovacioncomercio.org\/index.php\/wp-json\/wp\/v2\/media?parent=3848"}],"wp:term":[{"taxonomy":"category","embeddable":true,"href":"https:\/\/innovacioncomercio.org\/index.php\/wp-json\/wp\/v2\/categories?post=3848"},{"taxonomy":"post_tag","embeddable":true,"href":"https:\/\/innovacioncomercio.org\/index.php\/wp-json\/wp\/v2\/tags?post=3848"}],"curies":[{"name":"wp","href":"https:\/\/api.w.org\/{rel}","templated":true}]}}